
{"id":3800,"date":"2011-03-11T08:47:56","date_gmt":"2011-03-11T11:47:56","guid":{"rendered":"http:\/\/www.sudoestehoje.com.br\/novoportal\/?p=3800"},"modified":"2011-03-11T08:47:56","modified_gmt":"2011-03-11T11:47:56","slug":"tsunami-pode-varrer-ilhas-do-pacifico","status":"publish","type":"post","link":"https:\/\/www.sudoestehoje.com.br\/novoportal\/2011\/03\/11\/tsunami-pode-varrer-ilhas-do-pacifico\/","title":{"rendered":"TSUNAMI PODE &#8216;VARRER&#8217; ILHAS DO PAC\u00cdFICO"},"content":{"rendered":"<p style=\"text-align: center;\"><img loading=\"lazy\" decoding=\"async\" src=\"http:\/\/www.bahianoticias.com.br\/fotos\/editor\/Image\/japao%20tsunami.jpg\" alt=\"\" width=\"380\" height=\"214\" \/><\/p>\n<p style=\"text-align: center;\"><strong>Terremoto no Jap\u00e3o foi o maior dos \u00faltimos 180 anos<\/strong><\/p>\n<p>\u00a0<\/p>\n<p>A Federa\u00e7\u00e3o Internacional da Cruz Vermelha alerta para a possibilidade de grande desastres com o tsunami <a href=\"http:\/\/www.bahianoticias.com.br\/noticias\/noticia\/2011\/03\/11\/88648,terremoto-gera-tsunami-no-japao.html\" target=\"_blank\"><strong>gerado pelo grande terremoto ocorrido nesta sexta-feira (11) na costa do Jap\u00e3o<\/strong><\/a>. Segundo o \u00f3rg\u00e3o, a onda poder &#8220;varrer&#8221; as ilhas do Pac\u00edfico. &#8220;Nossa grande preocupa\u00e7\u00e3o \u00e9 a regi\u00e3o da \u00c1sia e do Pac\u00edfico, onde pa\u00edses em desenvolvimento s\u00e3o muito mais vulner\u00e1rios a esse tipo de desastre inesperado.<\/p>\n<p style=\"text-align: center;\"><img loading=\"lazy\" decoding=\"async\" class=\"aligncenter\" src=\"http:\/\/www.bahianoticias.com.br\/fotos\/editor\/Image\/tsunami%20japao.jpg\" alt=\"\" width=\"322\" height=\"215\" \/><\/p>\n<p>O tsunami \u00e9 uma grande amea\u00e7a&#8221;, disse o porta-voz Paul Commeally em Genebra. &#8220;No momento, ele \u00e9 maior que algumas ilhas e pode atingi-las em cheio&#8221;, disse.\u00a0 As Filipinas ordenaram a retirada de milhares de cidad\u00e3os na costa oriental do ter\u00e7o norte do pa\u00eds pelo risco de um tsunami gerado no Jap\u00e3o atingir a regi\u00e3o. Nova Zel\u00e2ndia, Taiwan e a ilha de Guam tamb\u00e9m emitiram alertas. Informa\u00e7\u00f5es do G1.<\/p>\n","protected":false},"excerpt":{"rendered":"<p>Terremoto no Jap\u00e3o foi o maior dos \u00faltimos 180 anos \u00a0 A Federa\u00e7\u00e3o Internacional da Cruz Vermelha alerta para a possibilidade de grande desastres com o tsunami gerado pelo grande terremoto ocorrido nesta sexta-feira (11) na costa do Jap\u00e3o. Segundo o \u00f3rg\u00e3o, a onda poder &#8220;varrer&#8221; as ilhas do Pac\u00edfico. &#8220;Nossa grande preocupa\u00e7\u00e3o \u00e9 a [&hellip;]<\/p>\n","protected":false},"author":2,"featured_media":0,"comment_status":"open","ping_status":"open","sticky":false,"template":"","format":"standard","meta":{"footnotes":"","_links_to":"","_links_to_target":""},"categories":[1],"tags":[],"class_list":["post-3800","post","type-post","status-publish","format-standard","hentry","category-geral"],"views":1391,"_links":{"self":[{"href":"https:\/\/www.sudoestehoje.com.br\/novoportal\/wp-json\/wp\/v2\/posts\/3800","targetHints":{"allow":["GET"]}}],"collection":[{"href":"https:\/\/www.sudoestehoje.com.br\/novoportal\/wp-json\/wp\/v2\/posts"}],"about":[{"href":"https:\/\/www.sudoestehoje.com.br\/novoportal\/wp-json\/wp\/v2\/types\/post"}],"author":[{"embeddable":true,"href":"https:\/\/www.sudoestehoje.com.br\/novoportal\/wp-json\/wp\/v2\/users\/2"}],"replies":[{"embeddable":true,"href":"https:\/\/www.sudoestehoje.com.br\/novoportal\/wp-json\/wp\/v2\/comments?post=3800"}],"version-history":[{"count":3,"href":"https:\/\/www.sudoestehoje.com.br\/novoportal\/wp-json\/wp\/v2\/posts\/3800\/revisions"}],"predecessor-version":[{"id":3803,"href":"https:\/\/www.sudoestehoje.com.br\/novoportal\/wp-json\/wp\/v2\/posts\/3800\/revisions\/3803"}],"wp:attachment":[{"href":"https:\/\/www.sudoestehoje.com.br\/novoportal\/wp-json\/wp\/v2\/media?parent=3800"}],"wp:term":[{"taxonomy":"category","embeddable":true,"href":"https:\/\/www.sudoestehoje.com.br\/novoportal\/wp-json\/wp\/v2\/categories?post=3800"},{"taxonomy":"post_tag","embeddable":true,"href":"https:\/\/www.sudoestehoje.com.br\/novoportal\/wp-json\/wp\/v2\/tags?post=3800"}],"curies":[{"name":"wp","href":"https:\/\/api.w.org\/{rel}","templated":true}]}}