
{"id":37998,"date":"2014-06-08T01:07:17","date_gmt":"2014-06-08T04:07:17","guid":{"rendered":"http:\/\/www.sudoestehoje.com.br\/novoportal\/?p=37998"},"modified":"2014-06-08T01:07:17","modified_gmt":"2014-06-08T04:07:17","slug":"dilma-fara-discurso-de-abertura-da-copa-pela-tv-com-receio-de-vaias","status":"publish","type":"post","link":"https:\/\/www.sudoestehoje.com.br\/novoportal\/2014\/06\/08\/dilma-fara-discurso-de-abertura-da-copa-pela-tv-com-receio-de-vaias\/","title":{"rendered":"DILMA FAR\u00c1 DISCURSO DE ABERTURA DA COPA PELA TV, COM RECEIO DE VAIAS"},"content":{"rendered":"<p>Lembram-se disto?<\/p>\n<p>http:\/\/www.youtube.com\/watch?v=NDBTrKH0BrA<\/p>\n<p>A presidente Dilma Rousseff resolveu abrir m\u00e3o da vaia, mas n\u00e3o do discurso. Como n\u00e3o \u00e9 doida nem nada, n\u00e3o vai falar na abertura da Copa do Mundo para evitar repetir o vexame da Copa das Confedera\u00e7\u00f5es, quando o est\u00e1dio Man\u00e9 Garrincha, em Bras\u00edlia, se uniu, em coro: \u201cUuu\u2026\u201d. Mas falar\u00e1, sim. Vai mobilizar a Rede Nacional de R\u00e1dio e TV para fazer um pronunciamento \u00e0 na\u00e7\u00e3o.<\/p>\n<p>O assunto? Copa do Mundo, ora essa! Dilma decidiu tirar uma casquinha do evento, mas em ambiente seguro, sem ouvir a rea\u00e7\u00e3o do receptor. Segundo informa a\u00a0<a href=\"http:\/\/www1.folha.uol.com.br\/poder\/2014\/06\/1465863-presidente-fara-pronunciamento-exaltando-a-copa-do-mundo.shtml\" target=\"_blank\">Folha<\/a>, o discurso deve repetir o que a presidente andou dizendo em sua ofensiva nas televis\u00f5es: apesar de alguns atrasos, h\u00e1 ganhos permanentes para o pa\u00eds etc. e tal.<\/p>\n","protected":false},"excerpt":{"rendered":"<p>Lembram-se disto? http:\/\/www.youtube.com\/watch?v=NDBTrKH0BrA A presidente Dilma Rousseff resolveu abrir m\u00e3o da vaia, mas n\u00e3o do discurso. Como n\u00e3o \u00e9 doida nem nada, n\u00e3o vai falar na abertura da Copa do Mundo para evitar repetir o vexame da Copa das Confedera\u00e7\u00f5es, quando o est\u00e1dio Man\u00e9 Garrincha, em Bras\u00edlia, se uniu, em coro: \u201cUuu\u2026\u201d. Mas falar\u00e1, sim. [&hellip;]<\/p>\n","protected":false},"author":2,"featured_media":0,"comment_status":"open","ping_status":"open","sticky":false,"template":"","format":"standard","meta":{"footnotes":"","_links_to":"","_links_to_target":""},"categories":[1],"tags":[],"class_list":["post-37998","post","type-post","status-publish","format-standard","hentry","category-geral"],"views":1240,"_links":{"self":[{"href":"https:\/\/www.sudoestehoje.com.br\/novoportal\/wp-json\/wp\/v2\/posts\/37998","targetHints":{"allow":["GET"]}}],"collection":[{"href":"https:\/\/www.sudoestehoje.com.br\/novoportal\/wp-json\/wp\/v2\/posts"}],"about":[{"href":"https:\/\/www.sudoestehoje.com.br\/novoportal\/wp-json\/wp\/v2\/types\/post"}],"author":[{"embeddable":true,"href":"https:\/\/www.sudoestehoje.com.br\/novoportal\/wp-json\/wp\/v2\/users\/2"}],"replies":[{"embeddable":true,"href":"https:\/\/www.sudoestehoje.com.br\/novoportal\/wp-json\/wp\/v2\/comments?post=37998"}],"version-history":[{"count":2,"href":"https:\/\/www.sudoestehoje.com.br\/novoportal\/wp-json\/wp\/v2\/posts\/37998\/revisions"}],"predecessor-version":[{"id":38000,"href":"https:\/\/www.sudoestehoje.com.br\/novoportal\/wp-json\/wp\/v2\/posts\/37998\/revisions\/38000"}],"wp:attachment":[{"href":"https:\/\/www.sudoestehoje.com.br\/novoportal\/wp-json\/wp\/v2\/media?parent=37998"}],"wp:term":[{"taxonomy":"category","embeddable":true,"href":"https:\/\/www.sudoestehoje.com.br\/novoportal\/wp-json\/wp\/v2\/categories?post=37998"},{"taxonomy":"post_tag","embeddable":true,"href":"https:\/\/www.sudoestehoje.com.br\/novoportal\/wp-json\/wp\/v2\/tags?post=37998"}],"curies":[{"name":"wp","href":"https:\/\/api.w.org\/{rel}","templated":true}]}}