
{"id":37928,"date":"2014-06-07T20:22:56","date_gmt":"2014-06-07T23:22:56","guid":{"rendered":"http:\/\/www.sudoestehoje.com.br\/novoportal\/?p=37928"},"modified":"2014-06-07T20:55:33","modified_gmt":"2014-06-07T23:55:33","slug":"paranoia-holandeza","status":"publish","type":"post","link":"https:\/\/www.sudoestehoje.com.br\/novoportal\/2014\/06\/07\/paranoia-holandeza\/","title":{"rendered":"COPA: PARANOIA OU PRECAU\u00c7\u00c3O?"},"content":{"rendered":"<div><img decoding=\"async\" class=\"aligncenter\" alt=\"\" src=\"https:\/\/fbexternal-a.akamaihd.net\/safe_image.php?d=AQA_3-7ObYW1Et7q&amp;w=470&amp;h=246&amp;url=https%3A%2F%2Fscontent-a-mia.xx.fbcdn.net%2Fhphotos-xpa1%2Ft31.0-8%2Fq77%2Fs720x720%2F10353415_10152268046630617_8376559363010890025_o.jpg&amp;cfs=1&amp;upscale&amp;sx=0&amp;sy=9&amp;sw=720&amp;sh=377\" \/>A sele\u00e7\u00e3o holandesa de futebol chegou no Rio de Janeiro hoje de manh\u00e3 com a paranoia em alta. Ao descer na base a\u00e9rea do Gale\u00e3o, a delega\u00e7\u00e3o se recusou a deixar o avi\u00e3o sem as bagagens.O plano inicial previa que jogadores e comiss\u00e3o t\u00e9cnica passassem pela imigra\u00e7\u00e3o e seguissem para o hotel, onde as malas seriam entregues mais tarde, depois de vistorias pela Receita Federal.<\/p>\n<p>Mas a\u00a0turma de Robben\u00a0queria uma escolta exclusiva para o transporte das malas. Como o pedido n\u00e3o foi atendido, a sele\u00e7\u00e3o da Holanda ficou aguardando \u2013 por 40 minutos \u2013 a inspe\u00e7\u00e3o da Receita, para sa\u00edrem do Gale\u00e3o cada um com sua malinha.<\/p>\n<\/div>\n<p><i>Por Lauro Jardim &#8211; Veja<\/i><\/p>\n<p><a href=\"http:\/\/www.sudoestehoje.com.br\/novoportal\/wp-content\/uploads\/2014\/06\/mirante-2.jpg\"><img loading=\"lazy\" decoding=\"async\" class=\"aligncenter size-medium wp-image-37932\" alt=\"mirante 2\" src=\"http:\/\/www.sudoestehoje.com.br\/novoportal\/wp-content\/uploads\/2014\/06\/mirante-2-500x184.jpg\" width=\"500\" height=\"184\" srcset=\"https:\/\/www.sudoestehoje.com.br\/novoportal\/wp-content\/uploads\/2014\/06\/mirante-2-500x184.jpg 500w, https:\/\/www.sudoestehoje.com.br\/novoportal\/wp-content\/uploads\/2014\/06\/mirante-2-700x258.jpg 700w, https:\/\/www.sudoestehoje.com.br\/novoportal\/wp-content\/uploads\/2014\/06\/mirante-2.jpg 960w\" sizes=\"auto, (max-width: 500px) 100vw, 500px\" \/><\/a><\/p>\n","protected":false},"excerpt":{"rendered":"<p>A sele\u00e7\u00e3o holandesa de futebol chegou no Rio de Janeiro hoje de manh\u00e3 com a paranoia em alta. Ao descer na base a\u00e9rea do Gale\u00e3o, a delega\u00e7\u00e3o se recusou a deixar o avi\u00e3o sem as bagagens.O plano inicial previa que jogadores e comiss\u00e3o t\u00e9cnica passassem pela imigra\u00e7\u00e3o e seguissem para o hotel, onde as malas [&hellip;]<\/p>\n","protected":false},"author":2,"featured_media":0,"comment_status":"open","ping_status":"open","sticky":false,"template":"","format":"standard","meta":{"footnotes":"","_links_to":"","_links_to_target":""},"categories":[1],"tags":[],"class_list":["post-37928","post","type-post","status-publish","format-standard","hentry","category-geral"],"views":1201,"_links":{"self":[{"href":"https:\/\/www.sudoestehoje.com.br\/novoportal\/wp-json\/wp\/v2\/posts\/37928","targetHints":{"allow":["GET"]}}],"collection":[{"href":"https:\/\/www.sudoestehoje.com.br\/novoportal\/wp-json\/wp\/v2\/posts"}],"about":[{"href":"https:\/\/www.sudoestehoje.com.br\/novoportal\/wp-json\/wp\/v2\/types\/post"}],"author":[{"embeddable":true,"href":"https:\/\/www.sudoestehoje.com.br\/novoportal\/wp-json\/wp\/v2\/users\/2"}],"replies":[{"embeddable":true,"href":"https:\/\/www.sudoestehoje.com.br\/novoportal\/wp-json\/wp\/v2\/comments?post=37928"}],"version-history":[{"count":5,"href":"https:\/\/www.sudoestehoje.com.br\/novoportal\/wp-json\/wp\/v2\/posts\/37928\/revisions"}],"predecessor-version":[{"id":37937,"href":"https:\/\/www.sudoestehoje.com.br\/novoportal\/wp-json\/wp\/v2\/posts\/37928\/revisions\/37937"}],"wp:attachment":[{"href":"https:\/\/www.sudoestehoje.com.br\/novoportal\/wp-json\/wp\/v2\/media?parent=37928"}],"wp:term":[{"taxonomy":"category","embeddable":true,"href":"https:\/\/www.sudoestehoje.com.br\/novoportal\/wp-json\/wp\/v2\/categories?post=37928"},{"taxonomy":"post_tag","embeddable":true,"href":"https:\/\/www.sudoestehoje.com.br\/novoportal\/wp-json\/wp\/v2\/tags?post=37928"}],"curies":[{"name":"wp","href":"https:\/\/api.w.org\/{rel}","templated":true}]}}