
{"id":3792,"date":"2011-03-09T19:05:20","date_gmt":"2011-03-09T22:05:20","guid":{"rendered":"http:\/\/www.sudoestehoje.com.br\/novoportal\/?p=3792"},"modified":"2011-03-09T19:11:51","modified_gmt":"2011-03-09T22:11:51","slug":"itapetinga-quem-sao-os-novos-candidatos-a-vereador","status":"publish","type":"post","link":"https:\/\/www.sudoestehoje.com.br\/novoportal\/2011\/03\/09\/itapetinga-quem-sao-os-novos-candidatos-a-vereador\/","title":{"rendered":"ITAPETINGA: QUEM S\u00c3O OS NOVOS CANDIDATOS \u00c0 VEREADOR?"},"content":{"rendered":"<p style=\"text-align: center;\"><img decoding=\"async\" class=\"aligncenter\" src=\"http:\/\/farm4.static.flickr.com\/3049\/2982842390_953fd80861.jpg\" alt=\"\" \/><\/p>\n<p style=\"text-align: center;\"><em><strong>Partidos n\u00e3o investiram nas suas bases e est\u00e3o sem candidatos<\/strong><\/em><\/p>\n<p>\u00a0<\/p>\n<p>ITAPETINGA: Embora a lei eleitoral estabele\u00e7a o prazo de um ano antes das elei\u00e7\u00f5es para os pr\u00e9-candidatos definirem as suas filia\u00e7\u00f5es partid\u00e1rias e domic\u00edlio eleitoral, n\u00e3o se v\u00ea, em Itapetinga,\u00a0nenhuma atividade partid\u00e1ria neste sentido, principalmente para a defini\u00e7\u00e3o dos novos candidatos a vereador.<\/p>\n<p>Nos principais partidos\u00a0de oposi\u00e7\u00e3o, como\u00a0o PMDB, DEM e PCdoB, nenhuma nova lideran\u00e7a se apresentou, at\u00e9 o momento, como pretendente ao mandato de vereador, o que demonstra\u00a0um enfraquecimento nas suas bases,\u00a0podendo criar\u00a0dificuldades na forma\u00e7\u00e3o das chapas e at\u00e9 das coliga\u00e7\u00f5es, em 2012.<\/p>\n<p>Com exce\u00e7\u00e3o do PCdoB, que\u00a0 alterna sempre a sua chapa\u00a0com os dois eternos candidatos que possui, Gilson e Jerry,\u00a0os demais partidos de oposi\u00e7\u00e3o ter\u00e3o que correr contra o tempo, para tentar engrossar o caldo, sob pena de terem que aceitar coliga\u00e7\u00f5es malfeitas e\u00a0 cederem espa\u00e7o\u00a0aos oportunistas de plant\u00e3o, como Romildo, Jacy B\u00f3, Nilton do Bicho e Z\u00e9 Roberto,\u00a0que depois de eleitos\u00a0se auto proclamam &#8220;donos do mandato&#8221;, virando as costas para os partidos ou grupos pol\u00edticos que os elegeram.<\/p>\n<p>No grupo petista, seja &#8216;paraguaio&#8217; ou n\u00e3o, nenhuma novidade \u00e0 vista. Dos que det\u00eam cargos de confian\u00e7a, at\u00e9 que aparecem alguns entusiastas falando em se candidatarem \u00e0 verean\u00e7a, mas\u00a0o entusiasmo, como sempre, deve ceder lugar \u00e0quele velho dilema de ter que se afastar do cargo com anteced\u00eancia de de 6 ou 3 meses das elei\u00e7\u00f5es. A\u00ed fica dif\u00edcil, pois ningu\u00e9m quer largar o osso.<\/p>\n<p>Assim, teremos\u00a0a repeti\u00e7\u00e3o das elei\u00e7\u00f5es anteriores, com uma sele\u00e7\u00e3o de candidatos a vereador de baix\u00edssimo n\u00edvel, com raras exce\u00e7\u00f5es, correndo at\u00e9 o risco de serem reeleitos alguns elementos indesej\u00e1veis, que por &#8216;justa causa&#8217; j\u00e1 deveriam ter sido banidos da pol\u00edtica local.\u00a0<\/p>\n<p>Isto, ningu\u00e9m merece!<\/p>\n<p><em><strong>Por DAVI FERRAZ<\/strong><\/em><\/p>\n","protected":false},"excerpt":{"rendered":"<p>Partidos n\u00e3o investiram nas suas bases e est\u00e3o sem candidatos \u00a0 ITAPETINGA: Embora a lei eleitoral estabele\u00e7a o prazo de um ano antes das elei\u00e7\u00f5es para os pr\u00e9-candidatos definirem as suas filia\u00e7\u00f5es partid\u00e1rias e domic\u00edlio eleitoral, n\u00e3o se v\u00ea, em Itapetinga,\u00a0nenhuma atividade partid\u00e1ria neste sentido, principalmente para a defini\u00e7\u00e3o dos novos candidatos a vereador. Nos [&hellip;]<\/p>\n","protected":false},"author":2,"featured_media":0,"comment_status":"open","ping_status":"open","sticky":false,"template":"","format":"standard","meta":{"footnotes":"","_links_to":"","_links_to_target":""},"categories":[1],"tags":[],"class_list":["post-3792","post","type-post","status-publish","format-standard","hentry","category-geral"],"views":2636,"_links":{"self":[{"href":"https:\/\/www.sudoestehoje.com.br\/novoportal\/wp-json\/wp\/v2\/posts\/3792","targetHints":{"allow":["GET"]}}],"collection":[{"href":"https:\/\/www.sudoestehoje.com.br\/novoportal\/wp-json\/wp\/v2\/posts"}],"about":[{"href":"https:\/\/www.sudoestehoje.com.br\/novoportal\/wp-json\/wp\/v2\/types\/post"}],"author":[{"embeddable":true,"href":"https:\/\/www.sudoestehoje.com.br\/novoportal\/wp-json\/wp\/v2\/users\/2"}],"replies":[{"embeddable":true,"href":"https:\/\/www.sudoestehoje.com.br\/novoportal\/wp-json\/wp\/v2\/comments?post=3792"}],"version-history":[{"count":7,"href":"https:\/\/www.sudoestehoje.com.br\/novoportal\/wp-json\/wp\/v2\/posts\/3792\/revisions"}],"predecessor-version":[{"id":3797,"href":"https:\/\/www.sudoestehoje.com.br\/novoportal\/wp-json\/wp\/v2\/posts\/3792\/revisions\/3797"}],"wp:attachment":[{"href":"https:\/\/www.sudoestehoje.com.br\/novoportal\/wp-json\/wp\/v2\/media?parent=3792"}],"wp:term":[{"taxonomy":"category","embeddable":true,"href":"https:\/\/www.sudoestehoje.com.br\/novoportal\/wp-json\/wp\/v2\/categories?post=3792"},{"taxonomy":"post_tag","embeddable":true,"href":"https:\/\/www.sudoestehoje.com.br\/novoportal\/wp-json\/wp\/v2\/tags?post=3792"}],"curies":[{"name":"wp","href":"https:\/\/api.w.org\/{rel}","templated":true}]}}