
{"id":37829,"date":"2014-06-05T18:17:16","date_gmt":"2014-06-05T21:17:16","guid":{"rendered":"http:\/\/www.sudoestehoje.com.br\/novoportal\/?p=37829"},"modified":"2014-06-05T18:37:47","modified_gmt":"2014-06-05T21:37:47","slug":"deputado-ex-governista-participa-de-evento-de-paulo-souto","status":"publish","type":"post","link":"https:\/\/www.sudoestehoje.com.br\/novoportal\/2014\/06\/05\/deputado-ex-governista-participa-de-evento-de-paulo-souto\/","title":{"rendered":"DEPUTADO EX-GOVERNISTA PARTICIPA DE EVENTO DE PAULO SOUTO"},"content":{"rendered":"<p><img decoding=\"async\" class=\"aligncenter\" alt=\"\" src=\"http:\/\/www.politicalivre.com.br\/wp-content\/thumbgen_cache\/c5dadcf1578e625e8c486d9cf21f2994.jpg\" width=\"500\" \/><\/p>\n<p>Deputados oposicionistas viram como um sinal da \u201cdebandada\u201d de for\u00e7as governistas em dire\u00e7\u00e3o ao candidato a governador do DEM, Paulo Souto, a presen\u00e7a de Marquinhos Viana, parlamentar estadual do PV e filho da prefeita de Barra da Estiva, no evento em que o partido formalizou apoio \u00e0 campanha do democrata. Viana integrava a bancada governista, votando sempre com o governo na Assembleia, e era um dos mais ardorosos defensores da candidatura de Rui Costa (PT) ao governo. Na foto, o deputado est\u00e1 \u00e0 direita de Souto, falando com algu\u00e9m que est\u00e1 atr\u00e1s.<\/p>\n<p><a href=\"http:\/\/www.sudoestehoje.com.br\/novoportal\/wp-content\/uploads\/2014\/06\/Turmalina11.jpg\"><img loading=\"lazy\" decoding=\"async\" class=\"aligncenter size-medium wp-image-37835\" alt=\"Turmalina1\" src=\"http:\/\/www.sudoestehoje.com.br\/novoportal\/wp-content\/uploads\/2014\/06\/Turmalina11-500x168.jpg\" width=\"500\" height=\"168\" srcset=\"https:\/\/www.sudoestehoje.com.br\/novoportal\/wp-content\/uploads\/2014\/06\/Turmalina11-500x168.jpg 500w, https:\/\/www.sudoestehoje.com.br\/novoportal\/wp-content\/uploads\/2014\/06\/Turmalina11-700x235.jpg 700w, https:\/\/www.sudoestehoje.com.br\/novoportal\/wp-content\/uploads\/2014\/06\/Turmalina11.jpg 960w\" sizes=\"auto, (max-width: 500px) 100vw, 500px\" \/><\/a><\/p>\n","protected":false},"excerpt":{"rendered":"<p>Deputados oposicionistas viram como um sinal da \u201cdebandada\u201d de for\u00e7as governistas em dire\u00e7\u00e3o ao candidato a governador do DEM, Paulo Souto, a presen\u00e7a de Marquinhos Viana, parlamentar estadual do PV e filho da prefeita de Barra da Estiva, no evento em que o partido formalizou apoio \u00e0 campanha do democrata. Viana integrava a bancada governista, [&hellip;]<\/p>\n","protected":false},"author":2,"featured_media":0,"comment_status":"open","ping_status":"open","sticky":false,"template":"","format":"standard","meta":{"footnotes":"","_links_to":"","_links_to_target":""},"categories":[1],"tags":[],"class_list":["post-37829","post","type-post","status-publish","format-standard","hentry","category-geral"],"views":1183,"_links":{"self":[{"href":"https:\/\/www.sudoestehoje.com.br\/novoportal\/wp-json\/wp\/v2\/posts\/37829","targetHints":{"allow":["GET"]}}],"collection":[{"href":"https:\/\/www.sudoestehoje.com.br\/novoportal\/wp-json\/wp\/v2\/posts"}],"about":[{"href":"https:\/\/www.sudoestehoje.com.br\/novoportal\/wp-json\/wp\/v2\/types\/post"}],"author":[{"embeddable":true,"href":"https:\/\/www.sudoestehoje.com.br\/novoportal\/wp-json\/wp\/v2\/users\/2"}],"replies":[{"embeddable":true,"href":"https:\/\/www.sudoestehoje.com.br\/novoportal\/wp-json\/wp\/v2\/comments?post=37829"}],"version-history":[{"count":3,"href":"https:\/\/www.sudoestehoje.com.br\/novoportal\/wp-json\/wp\/v2\/posts\/37829\/revisions"}],"predecessor-version":[{"id":37836,"href":"https:\/\/www.sudoestehoje.com.br\/novoportal\/wp-json\/wp\/v2\/posts\/37829\/revisions\/37836"}],"wp:attachment":[{"href":"https:\/\/www.sudoestehoje.com.br\/novoportal\/wp-json\/wp\/v2\/media?parent=37829"}],"wp:term":[{"taxonomy":"category","embeddable":true,"href":"https:\/\/www.sudoestehoje.com.br\/novoportal\/wp-json\/wp\/v2\/categories?post=37829"},{"taxonomy":"post_tag","embeddable":true,"href":"https:\/\/www.sudoestehoje.com.br\/novoportal\/wp-json\/wp\/v2\/tags?post=37829"}],"curies":[{"name":"wp","href":"https:\/\/api.w.org\/{rel}","templated":true}]}}