
{"id":37823,"date":"2014-06-05T10:22:05","date_gmt":"2014-06-05T13:22:05","guid":{"rendered":"http:\/\/www.sudoestehoje.com.br\/novoportal\/?p=37823"},"modified":"2014-06-05T10:22:05","modified_gmt":"2014-06-05T13:22:05","slug":"decoracao-do-festsol-no-clima-da-copa","status":"publish","type":"post","link":"https:\/\/www.sudoestehoje.com.br\/novoportal\/2014\/06\/05\/decoracao-do-festsol-no-clima-da-copa\/","title":{"rendered":"DECORA\u00c7\u00c3O DO FESTSOL NO CLIMA DA COPA"},"content":{"rendered":"<p><img decoding=\"async\" class=\"aligncenter\" alt=\"Foto: Keile Ara\u00fajo\" src=\"http:\/\/itororoja.com.br\/wp-content\/uploads\/2014\/06\/Itororo-ornamentacao-4.jpg\" width=\"500\" \/><\/p>\n<p>ITOROR\u00d3: \u00c0s v\u00e9speras da Copa do mundo e da maior festa junina da regi\u00e3o, o famoso Festsol, a prefeitura de Itoror\u00f3 j\u00e1 concluiu toda a decora\u00e7\u00e3o da cidade, que este ano privilegiou as cores do Brasil e os s\u00edmbolos da Copa do Mundo.<\/p>\n<p><img decoding=\"async\" class=\"aligncenter\" alt=\"\" src=\"http:\/\/itororoja.com.br\/wp-content\/uploads\/2014\/06\/Itororo-ornamentacao-1.jpg\" width=\"500\" \/><\/p>\n<p>Aproveitando os olhares voltados para a Copa do Mundo, a primeira dama do munic\u00edpio, Eliene Argolo, deu um ar todo especial \u00e0 decora\u00e7\u00e3o da cidade, destacando o verde e amarelo da bandeira brasileira e deixando a ornamenta\u00e7\u00e3o dos festejos juninos com a t\u00edpica cara do Brasil.<\/p>\n<p><img decoding=\"async\" class=\"aligncenter\" alt=\"\" src=\"http:\/\/itororoja.com.br\/wp-content\/uploads\/2014\/06\/Itororo-ornamentacao-7.jpg\" width=\"500\" \/><\/p>\n<p>Quem caminhou pela Alameda Lindolfo Novais e a Pra\u00e7a Henrique Brito, pode observar que Itoror\u00f3 j\u00e1 entrou no clima de S\u00e3o Jo\u00e3o, cujos festejos acontecer\u00e3o entre os dias 20 e 23 de Junho, na Pra\u00e7a Coronel Jo\u00e3o Borges, palco principal do evento, onde se apresentar\u00e3o artistas e bandas de renomes nacionais, a exemplo de L\u00e9o Magalh\u00e3es, Banda Calypso e Luiz Caldas, al\u00e9m das atra\u00e7\u00f5es regionais como a Banda Lord\u00e3o, Forr\u00f3 da Discarada, Rasta Chinela, dentre outras.<\/p>\n<p><img decoding=\"async\" class=\"aligncenter\" alt=\"Itororo ornamentacao (6)\" src=\"http:\/\/itororoja.com.br\/wp-content\/uploads\/2014\/06\/Itororo-ornamentacao-6.jpg\" width=\"500\" \/><\/p>\n<p>Das festas patrocinadas pelas prefeituras do interior da Bahia, o Festsol est\u00e1 entre as que mais se destacam, pela sua tradi\u00e7\u00e3o e qualidade das atra\u00e7\u00f5es, fazendo parte do famoso &#8216;Circuito do Forr\u00f3&#8217;, que fica entre Ibicu\u00ed, Itoror\u00f3 e Itapetinga. Vale a pena conferir. <em>Fotos Keile Ara\u00fajo<\/em><\/p>\n<p><img decoding=\"async\" class=\"aligncenter\" alt=\"\" src=\"http:\/\/itororoja.com.br\/wp-content\/uploads\/2014\/06\/Itororo-ornamentacao-3.jpg\" width=\"500\" \/><\/p>\n<p><img decoding=\"async\" class=\"aligncenter\" alt=\"\" src=\"http:\/\/itororoja.com.br\/wp-content\/uploads\/2014\/06\/Itororo-ornamentacao-2.jpg\" width=\"500\" \/><\/p>\n<p><img decoding=\"async\" class=\"aligncenter\" alt=\"Itororo ornamentacao (8)\" src=\"http:\/\/itororoja.com.br\/wp-content\/uploads\/2014\/06\/Itororo-ornamentacao-8.jpg\" width=\"500\" \/><\/p>\n<p><img decoding=\"async\" class=\"aligncenter\" alt=\"\" src=\"http:\/\/itororoja.com.br\/wp-content\/uploads\/2014\/06\/Itororo-ornamentacao-5.jpg\" width=\"500\" \/><\/p>\n<p><img decoding=\"async\" class=\"aligncenter\" alt=\"Itororo ornamentacao\" src=\"http:\/\/itororoja.com.br\/wp-content\/uploads\/2014\/06\/Itororo-ornamentacao.jpg\" width=\"500\" \/><\/p>\n<p><img decoding=\"async\" class=\"aligncenter\" alt=\"Foto: Keile Ara\u00fajo\" src=\"http:\/\/itororoja.com.br\/wp-content\/uploads\/2014\/06\/Itororo-ornamentacao-10.jpg\" width=\"500\" \/><\/p>\n","protected":false},"excerpt":{"rendered":"<p>ITOROR\u00d3: \u00c0s v\u00e9speras da Copa do mundo e da maior festa junina da regi\u00e3o, o famoso Festsol, a prefeitura de Itoror\u00f3 j\u00e1 concluiu toda a decora\u00e7\u00e3o da cidade, que este ano privilegiou as cores do Brasil e os s\u00edmbolos da Copa do Mundo. Aproveitando os olhares voltados para a Copa do Mundo, a primeira dama [&hellip;]<\/p>\n","protected":false},"author":2,"featured_media":0,"comment_status":"open","ping_status":"open","sticky":false,"template":"","format":"standard","meta":{"footnotes":"","_links_to":"","_links_to_target":""},"categories":[1],"tags":[],"class_list":["post-37823","post","type-post","status-publish","format-standard","hentry","category-geral"],"views":5476,"_links":{"self":[{"href":"https:\/\/www.sudoestehoje.com.br\/novoportal\/wp-json\/wp\/v2\/posts\/37823","targetHints":{"allow":["GET"]}}],"collection":[{"href":"https:\/\/www.sudoestehoje.com.br\/novoportal\/wp-json\/wp\/v2\/posts"}],"about":[{"href":"https:\/\/www.sudoestehoje.com.br\/novoportal\/wp-json\/wp\/v2\/types\/post"}],"author":[{"embeddable":true,"href":"https:\/\/www.sudoestehoje.com.br\/novoportal\/wp-json\/wp\/v2\/users\/2"}],"replies":[{"embeddable":true,"href":"https:\/\/www.sudoestehoje.com.br\/novoportal\/wp-json\/wp\/v2\/comments?post=37823"}],"version-history":[{"count":2,"href":"https:\/\/www.sudoestehoje.com.br\/novoportal\/wp-json\/wp\/v2\/posts\/37823\/revisions"}],"predecessor-version":[{"id":37825,"href":"https:\/\/www.sudoestehoje.com.br\/novoportal\/wp-json\/wp\/v2\/posts\/37823\/revisions\/37825"}],"wp:attachment":[{"href":"https:\/\/www.sudoestehoje.com.br\/novoportal\/wp-json\/wp\/v2\/media?parent=37823"}],"wp:term":[{"taxonomy":"category","embeddable":true,"href":"https:\/\/www.sudoestehoje.com.br\/novoportal\/wp-json\/wp\/v2\/categories?post=37823"},{"taxonomy":"post_tag","embeddable":true,"href":"https:\/\/www.sudoestehoje.com.br\/novoportal\/wp-json\/wp\/v2\/tags?post=37823"}],"curies":[{"name":"wp","href":"https:\/\/api.w.org\/{rel}","templated":true}]}}