
{"id":37806,"date":"2014-06-04T22:52:21","date_gmt":"2014-06-05T01:52:21","guid":{"rendered":"http:\/\/www.sudoestehoje.com.br\/novoportal\/?p=37806"},"modified":"2014-06-05T09:40:27","modified_gmt":"2014-06-05T12:40:27","slug":"no-clima-da-copa-caatiba-e-decorada-para-os-festejos-juninos","status":"publish","type":"post","link":"https:\/\/www.sudoestehoje.com.br\/novoportal\/2014\/06\/04\/no-clima-da-copa-caatiba-e-decorada-para-os-festejos-juninos\/","title":{"rendered":"NO CLIMA DA COPA, CAATIBA \u00c9 DECORADA PARA OS FESTEJOS JUNINOS"},"content":{"rendered":"<p><img decoding=\"async\" class=\"aligncenter\" alt=\"_DSC8829 (1024x678)\" src=\"http:\/\/www.g4tv.com.br\/wp-content\/uploads\/2014\/06\/DSC8829-1024x6781.jpg\" width=\"500\" \/><\/p>\n<p>A cidade de Caatiba, no Sudoeste Baiano, \u00a0j\u00e1 come\u00e7a a entrar no clima junino e na expectativa da Copa do Mundo, que come\u00e7a na pr\u00f3xima semana, prometendo tomar conta de todo o pa\u00eds. No clima da Copa, a prefeitura j\u00e1 come\u00e7ou a ornamentar as ruas da cidade e \u00a0a pra\u00e7a Cl\u00e9riston Andrade, palco principal dos eventos festivos do munic\u00edpio.<\/p>\n<p><img decoding=\"async\" class=\"aligncenter\" alt=\"_DSC8814 (1024x678)\" src=\"http:\/\/www.g4tv.com.br\/wp-content\/uploads\/2014\/06\/DSC8814-1024x678.jpg\" width=\"500\" \/><\/p>\n<p>Desde a \u00faltima sexta-feira, os trabalhos de ornamenta\u00e7\u00e3o das ruas tiveram in\u00edcio, visando o S\u00e3o Jo\u00e3o de 2014, que coincide com a realiza\u00e7\u00e3o da Copa de Mundo. As cores da bandeira do Brasil predominam, destacando o verde, amarelo, azul e branco.<\/p>\n<p><img decoding=\"async\" class=\"aligncenter\" alt=\"_DSC8816 (1024x678)\" src=\"http:\/\/www.g4tv.com.br\/wp-content\/uploads\/2014\/06\/DSC8816-1024x678.jpg\" width=\"500\" \/><\/p>\n<p>O S\u00e3o Jo\u00e3o de Caatiba, que j\u00e1 \u00e9 um dos mais tradicionais em toda a regi\u00e3o sudoeste, acontece entre os dias 21 e 24 de junho, e promete ser um dos melhores j\u00e1 realizados no munic\u00edpio, devido ao empenho do prefeito Junior Mendes, que vem revolucionando a administra\u00e7\u00e3o municipal.<\/p>\n<p>O evento traz\u00a0grandes atra\u00e7\u00f5es, como Sinho Ferrari, Os Federais, Abrakadabra, Vera Cruz, Bell Lima, Rege de Anag\u00e9, Serginho de Goi\u00e1s, Beijo Apimentado, dentre outras.\u00a0No Distrito de S\u00e3o Jos\u00e9 do Col\u00f4nia, a prefeitura promete realizar uma grande festa, em um dos melhores e mais tradicionais &#8216;S\u00e3o Pedro&#8217; da regi\u00e3o. A festa de S\u00e3o Pedro ser\u00e1 realizada entre os dias 05 e 06 de Julho. Informa\u00e7\u00f5es Gazinho.<\/p>\n<p><a href=\"http:\/\/www.sudoestehoje.com.br\/novoportal\/wp-content\/uploads\/2014\/06\/\u00d3TICA-ITAPUAN-BANNER11.jpg\"><img loading=\"lazy\" decoding=\"async\" class=\"aligncenter size-full wp-image-37808\" alt=\"\u00d3TICA-ITAPUAN-BANNER1\" src=\"http:\/\/www.sudoestehoje.com.br\/novoportal\/wp-content\/uploads\/2014\/06\/\u00d3TICA-ITAPUAN-BANNER11.jpg\" width=\"500\" height=\"179\" \/><\/a><\/p>\n","protected":false},"excerpt":{"rendered":"<p>A cidade de Caatiba, no Sudoeste Baiano, \u00a0j\u00e1 come\u00e7a a entrar no clima junino e na expectativa da Copa do Mundo, que come\u00e7a na pr\u00f3xima semana, prometendo tomar conta de todo o pa\u00eds. No clima da Copa, a prefeitura j\u00e1 come\u00e7ou a ornamentar as ruas da cidade e \u00a0a pra\u00e7a Cl\u00e9riston Andrade, palco principal dos [&hellip;]<\/p>\n","protected":false},"author":2,"featured_media":0,"comment_status":"open","ping_status":"open","sticky":false,"template":"","format":"standard","meta":{"footnotes":"","_links_to":"","_links_to_target":""},"categories":[1],"tags":[],"class_list":["post-37806","post","type-post","status-publish","format-standard","hentry","category-geral"],"views":2452,"_links":{"self":[{"href":"https:\/\/www.sudoestehoje.com.br\/novoportal\/wp-json\/wp\/v2\/posts\/37806","targetHints":{"allow":["GET"]}}],"collection":[{"href":"https:\/\/www.sudoestehoje.com.br\/novoportal\/wp-json\/wp\/v2\/posts"}],"about":[{"href":"https:\/\/www.sudoestehoje.com.br\/novoportal\/wp-json\/wp\/v2\/types\/post"}],"author":[{"embeddable":true,"href":"https:\/\/www.sudoestehoje.com.br\/novoportal\/wp-json\/wp\/v2\/users\/2"}],"replies":[{"embeddable":true,"href":"https:\/\/www.sudoestehoje.com.br\/novoportal\/wp-json\/wp\/v2\/comments?post=37806"}],"version-history":[{"count":4,"href":"https:\/\/www.sudoestehoje.com.br\/novoportal\/wp-json\/wp\/v2\/posts\/37806\/revisions"}],"predecessor-version":[{"id":37822,"href":"https:\/\/www.sudoestehoje.com.br\/novoportal\/wp-json\/wp\/v2\/posts\/37806\/revisions\/37822"}],"wp:attachment":[{"href":"https:\/\/www.sudoestehoje.com.br\/novoportal\/wp-json\/wp\/v2\/media?parent=37806"}],"wp:term":[{"taxonomy":"category","embeddable":true,"href":"https:\/\/www.sudoestehoje.com.br\/novoportal\/wp-json\/wp\/v2\/categories?post=37806"},{"taxonomy":"post_tag","embeddable":true,"href":"https:\/\/www.sudoestehoje.com.br\/novoportal\/wp-json\/wp\/v2\/tags?post=37806"}],"curies":[{"name":"wp","href":"https:\/\/api.w.org\/{rel}","templated":true}]}}