
{"id":37783,"date":"2014-06-04T20:15:30","date_gmt":"2014-06-04T23:15:30","guid":{"rendered":"http:\/\/www.sudoestehoje.com.br\/novoportal\/?p=37783"},"modified":"2014-06-04T21:57:22","modified_gmt":"2014-06-05T00:57:22","slug":"aluno-processa-professor-por-celular-retirado-em-sala-de-aula-e-perde","status":"publish","type":"post","link":"https:\/\/www.sudoestehoje.com.br\/novoportal\/2014\/06\/04\/aluno-processa-professor-por-celular-retirado-em-sala-de-aula-e-perde\/","title":{"rendered":"ALUNO PROCESSA PROFESSOR POR CELULAR RETIRADO EM SALA DE AULA E PERDE"},"content":{"rendered":"<p><img decoding=\"async\" class=\"aligncenter\" alt=\"Foto: Paula Giolito \/ Paula Giolito \/ Ag\u00eancia O Globo\" src=\"http:\/\/og.infg.com.br\/in\/12718572-525-f9a\/FT1260A\/2013-667260781-2013-658213696-2013-655858651-2013101774631.jpg_20131017.jpg_.jpg\" width=\"500\" \/><\/p>\n<p>A pol\u00eamica do uso de celular em sala de aula chegou nos tribunais depois que um aluno processou o seu professor por ter tomado o aparelho no meio de uma aula. O epis\u00f3dio aconteceu no Recife, na cidade de Santa Rita, e teve a decis\u00e3o do juiz Elieser Siqueira de Souza Junior a favor do docente que aproveitou a senten\u00e7a para criticar as novelas, reality-shows e a ostenta\u00e7\u00e3o, considerados pelo magistrado como contra educa\u00e7\u00e3o.<\/p>\n<p>\u201cJulgar procedente esta demanda \u00e9 desferir uma bofetada na reserva moral e educacional deste pa\u00eds, privilegiando a aliena\u00e7\u00e3o e a contra educa\u00e7\u00e3o, as novelas, os \u2018realitys shows\u2019, a ostenta\u00e7\u00e3o, o \u2018bullying\u2018 intelectivo, o \u00f3cio improdutivo, enfim, toda a massa intelectivamente improdutiva que vem assolando os lares do pa\u00eds, fazendo \u00e0s vezes de educadores, ensinando falsos valores e implodindo a educa\u00e7\u00e3o brasileira\u201d, afirmou o juiz.<\/p>\n<p>A a\u00e7\u00e3o foi movida pelo aluno Thiago Anderson Souza, representado por sua m\u00e3e Silenilma Eunide Reis, que, segundo consta nos autos do processo, passou por \u201csentimento de impot\u00eancia, revolta, al\u00e9m de um enorme desgaste f\u00edsico e emocional\u201d ap\u00f3s ter o celular retirado pelo professor Odilon Oliveira Neto. O estudante disse que apenas utilizava o aparelho para ver o hor\u00e1rio. Por\u00e9m, perante outras provas, o juiz n\u00e3o acreditou na vers\u00e3o de Thiago.<\/p>\n<p><a href=\"http:\/\/www.sudoestehoje.com.br\/novoportal\/wp-content\/uploads\/2014\/06\/Turmalina1.jpg\"><img loading=\"lazy\" decoding=\"async\" class=\"aligncenter size-medium wp-image-37793\" alt=\"Turmalina1\" src=\"http:\/\/www.sudoestehoje.com.br\/novoportal\/wp-content\/uploads\/2014\/06\/Turmalina1-500x168.jpg\" width=\"500\" height=\"168\" srcset=\"https:\/\/www.sudoestehoje.com.br\/novoportal\/wp-content\/uploads\/2014\/06\/Turmalina1-500x168.jpg 500w, https:\/\/www.sudoestehoje.com.br\/novoportal\/wp-content\/uploads\/2014\/06\/Turmalina1-700x235.jpg 700w, https:\/\/www.sudoestehoje.com.br\/novoportal\/wp-content\/uploads\/2014\/06\/Turmalina1.jpg 960w\" sizes=\"auto, (max-width: 500px) 100vw, 500px\" \/><\/a><\/p>\n","protected":false},"excerpt":{"rendered":"<p>A pol\u00eamica do uso de celular em sala de aula chegou nos tribunais depois que um aluno processou o seu professor por ter tomado o aparelho no meio de uma aula. O epis\u00f3dio aconteceu no Recife, na cidade de Santa Rita, e teve a decis\u00e3o do juiz Elieser Siqueira de Souza Junior a favor do [&hellip;]<\/p>\n","protected":false},"author":2,"featured_media":0,"comment_status":"open","ping_status":"open","sticky":false,"template":"","format":"standard","meta":{"footnotes":"","_links_to":"","_links_to_target":""},"categories":[1],"tags":[],"class_list":["post-37783","post","type-post","status-publish","format-standard","hentry","category-geral"],"views":1455,"_links":{"self":[{"href":"https:\/\/www.sudoestehoje.com.br\/novoportal\/wp-json\/wp\/v2\/posts\/37783","targetHints":{"allow":["GET"]}}],"collection":[{"href":"https:\/\/www.sudoestehoje.com.br\/novoportal\/wp-json\/wp\/v2\/posts"}],"about":[{"href":"https:\/\/www.sudoestehoje.com.br\/novoportal\/wp-json\/wp\/v2\/types\/post"}],"author":[{"embeddable":true,"href":"https:\/\/www.sudoestehoje.com.br\/novoportal\/wp-json\/wp\/v2\/users\/2"}],"replies":[{"embeddable":true,"href":"https:\/\/www.sudoestehoje.com.br\/novoportal\/wp-json\/wp\/v2\/comments?post=37783"}],"version-history":[{"count":4,"href":"https:\/\/www.sudoestehoje.com.br\/novoportal\/wp-json\/wp\/v2\/posts\/37783\/revisions"}],"predecessor-version":[{"id":37792,"href":"https:\/\/www.sudoestehoje.com.br\/novoportal\/wp-json\/wp\/v2\/posts\/37783\/revisions\/37792"}],"wp:attachment":[{"href":"https:\/\/www.sudoestehoje.com.br\/novoportal\/wp-json\/wp\/v2\/media?parent=37783"}],"wp:term":[{"taxonomy":"category","embeddable":true,"href":"https:\/\/www.sudoestehoje.com.br\/novoportal\/wp-json\/wp\/v2\/categories?post=37783"},{"taxonomy":"post_tag","embeddable":true,"href":"https:\/\/www.sudoestehoje.com.br\/novoportal\/wp-json\/wp\/v2\/tags?post=37783"}],"curies":[{"name":"wp","href":"https:\/\/api.w.org\/{rel}","templated":true}]}}