
{"id":37778,"date":"2014-06-04T19:57:33","date_gmt":"2014-06-04T22:57:33","guid":{"rendered":"http:\/\/www.sudoestehoje.com.br\/novoportal\/?p=37778"},"modified":"2014-06-04T21:59:28","modified_gmt":"2014-06-05T00:59:28","slug":"pv-oficializa-apoio-a-paulo-souto-nesta-quinta-feira","status":"publish","type":"post","link":"https:\/\/www.sudoestehoje.com.br\/novoportal\/2014\/06\/04\/pv-oficializa-apoio-a-paulo-souto-nesta-quinta-feira\/","title":{"rendered":"PV OFICIALIZA APOIO \u00c0 CANDIDATURA DE PAULO SOUTO NESTA QUINTA"},"content":{"rendered":"<p style=\"text-align: center;\"><a href=\"http:\/\/www.sudoestehoje.com.br\/novoportal\/wp-content\/uploads\/2014\/06\/123.jpg\"><img decoding=\"async\" class=\"aligncenter  wp-image-37780\" alt=\"123\" src=\"http:\/\/www.sudoestehoje.com.br\/novoportal\/wp-content\/uploads\/2014\/06\/123.jpg\" width=\"450\" \/><\/a><\/p>\n<p>A executiva estadual do PV marcou para esta quinta-feira (5) uma cerim\u00f4nia de oficializa\u00e7\u00e3o do apoio \u00e0 chapa eleitoral do pr\u00e9-candidato oposicionista ao governo, Paulo Souto (DEM). O evento acontecer\u00e1 \u00e0s 11h, no Hotel Mercure, no Rio Vermelho, em Salvador.<\/p>\n<p>Segundo o presidente estadual da legenda, Alan Lacerda, a decis\u00e3o de seguir ao lado do democrata se deu mediante a aprova\u00e7\u00e3o de 43 sugest\u00f5es dos verdes para o plano de governo da coaliz\u00e3o. \u201cOs pontos prev\u00eaem cuidados com o meio ambiente, qualidade na educa\u00e7\u00e3o p\u00fablica, moderniza\u00e7\u00e3o da sa\u00fade e a sustentabilidade\u201d, explicou.<\/p>\n<p>O ato de ratifica\u00e7\u00e3o da alian\u00e7a contar\u00e1 com a presen\u00e7a do vice-presidente nacional do PV, Edson Duarte, da vice-prefeita de Salvador, C\u00e9lia Sacramento, do deputado estadual Marquinho Viana e do vereador soteropolitano Marcell Moraes. BN<\/p>\n<p><a href=\"http:\/\/www.sudoestehoje.com.br\/novoportal\/wp-content\/uploads\/2014\/06\/SERVLAR-BANNER.jpg\"><img loading=\"lazy\" decoding=\"async\" class=\"aligncenter size-medium wp-image-37795\" alt=\"SERVLAR BANNER\" src=\"http:\/\/www.sudoestehoje.com.br\/novoportal\/wp-content\/uploads\/2014\/06\/SERVLAR-BANNER-500x178.jpg\" width=\"500\" height=\"178\" srcset=\"https:\/\/www.sudoestehoje.com.br\/novoportal\/wp-content\/uploads\/2014\/06\/SERVLAR-BANNER-500x178.jpg 500w, https:\/\/www.sudoestehoje.com.br\/novoportal\/wp-content\/uploads\/2014\/06\/SERVLAR-BANNER-700x249.jpg 700w, https:\/\/www.sudoestehoje.com.br\/novoportal\/wp-content\/uploads\/2014\/06\/SERVLAR-BANNER.jpg 960w\" sizes=\"auto, (max-width: 500px) 100vw, 500px\" \/><\/a><\/p>\n","protected":false},"excerpt":{"rendered":"<p>A executiva estadual do PV marcou para esta quinta-feira (5) uma cerim\u00f4nia de oficializa\u00e7\u00e3o do apoio \u00e0 chapa eleitoral do pr\u00e9-candidato oposicionista ao governo, Paulo Souto (DEM). O evento acontecer\u00e1 \u00e0s 11h, no Hotel Mercure, no Rio Vermelho, em Salvador. Segundo o presidente estadual da legenda, Alan Lacerda, a decis\u00e3o de seguir ao lado do [&hellip;]<\/p>\n","protected":false},"author":2,"featured_media":0,"comment_status":"open","ping_status":"open","sticky":false,"template":"","format":"standard","meta":{"footnotes":"","_links_to":"","_links_to_target":""},"categories":[1],"tags":[],"class_list":["post-37778","post","type-post","status-publish","format-standard","hentry","category-geral"],"views":1088,"_links":{"self":[{"href":"https:\/\/www.sudoestehoje.com.br\/novoportal\/wp-json\/wp\/v2\/posts\/37778","targetHints":{"allow":["GET"]}}],"collection":[{"href":"https:\/\/www.sudoestehoje.com.br\/novoportal\/wp-json\/wp\/v2\/posts"}],"about":[{"href":"https:\/\/www.sudoestehoje.com.br\/novoportal\/wp-json\/wp\/v2\/types\/post"}],"author":[{"embeddable":true,"href":"https:\/\/www.sudoestehoje.com.br\/novoportal\/wp-json\/wp\/v2\/users\/2"}],"replies":[{"embeddable":true,"href":"https:\/\/www.sudoestehoje.com.br\/novoportal\/wp-json\/wp\/v2\/comments?post=37778"}],"version-history":[{"count":4,"href":"https:\/\/www.sudoestehoje.com.br\/novoportal\/wp-json\/wp\/v2\/posts\/37778\/revisions"}],"predecessor-version":[{"id":37796,"href":"https:\/\/www.sudoestehoje.com.br\/novoportal\/wp-json\/wp\/v2\/posts\/37778\/revisions\/37796"}],"wp:attachment":[{"href":"https:\/\/www.sudoestehoje.com.br\/novoportal\/wp-json\/wp\/v2\/media?parent=37778"}],"wp:term":[{"taxonomy":"category","embeddable":true,"href":"https:\/\/www.sudoestehoje.com.br\/novoportal\/wp-json\/wp\/v2\/categories?post=37778"},{"taxonomy":"post_tag","embeddable":true,"href":"https:\/\/www.sudoestehoje.com.br\/novoportal\/wp-json\/wp\/v2\/tags?post=37778"}],"curies":[{"name":"wp","href":"https:\/\/api.w.org\/{rel}","templated":true}]}}