
{"id":37773,"date":"2014-06-04T18:13:03","date_gmt":"2014-06-04T21:13:03","guid":{"rendered":"http:\/\/www.sudoestehoje.com.br\/novoportal\/?p=37773"},"modified":"2014-06-04T22:02:09","modified_gmt":"2014-06-05T01:02:09","slug":"empresarios-de-conquista-morrem-em-acidente-na-rio-bahia","status":"publish","type":"post","link":"https:\/\/www.sudoestehoje.com.br\/novoportal\/2014\/06\/04\/empresarios-de-conquista-morrem-em-acidente-na-rio-bahia\/","title":{"rendered":"EMPRES\u00c1RIOS DE CONQUISTA MORREM EM ACIDENTE NA RIO-BAHIA"},"content":{"rendered":"<p><a href=\"http:\/\/www.sudoestehoje.com.br\/novoportal\/wp-content\/uploads\/2014\/06\/ACIDENTE-EMPRESARIOS.jpg\"><img loading=\"lazy\" decoding=\"async\" class=\"aligncenter size-medium wp-image-37774\" alt=\"ACIDENTE EMPRESARIOS\" src=\"http:\/\/www.sudoestehoje.com.br\/novoportal\/wp-content\/uploads\/2014\/06\/ACIDENTE-EMPRESARIOS-500x333.jpg\" width=\"500\" height=\"333\" srcset=\"https:\/\/www.sudoestehoje.com.br\/novoportal\/wp-content\/uploads\/2014\/06\/ACIDENTE-EMPRESARIOS-500x333.jpg 500w, https:\/\/www.sudoestehoje.com.br\/novoportal\/wp-content\/uploads\/2014\/06\/ACIDENTE-EMPRESARIOS.jpg 602w\" sizes=\"auto, (max-width: 500px) 100vw, 500px\" \/><\/a><\/p>\n<p>Dois empres\u00e1rios conquistenses morreram num acidente automobil\u00edstico pr\u00f3ximo as cidades mineiras Montes Claros e Salinas, na noite desta ter\u00e7a-feira (3). As v\u00edtimas tratam-se Gerson Oliveira, conhecido como Som, diretor da Joane Confec\u00e7\u00f5es, localizada na Avenida Lauro de Freitas, Centro de Vit\u00f3ria da Conquista.<\/p>\n<div id=\"attachment_37775\" style=\"width: 510px\" class=\"wp-caption aligncenter\"><a href=\"http:\/\/www.sudoestehoje.com.br\/novoportal\/wp-content\/uploads\/2014\/06\/EMPRESARIOS-MORTOS.jpg\"><img loading=\"lazy\" decoding=\"async\" aria-describedby=\"caption-attachment-37775\" class=\"size-medium wp-image-37775\" alt=\"Um dos empres\u00e1rios (direita) era vereador na cidade de Nova Cana\u00e3.\" src=\"http:\/\/www.sudoestehoje.com.br\/novoportal\/wp-content\/uploads\/2014\/06\/EMPRESARIOS-MORTOS-500x334.jpg\" width=\"500\" height=\"334\" srcset=\"https:\/\/www.sudoestehoje.com.br\/novoportal\/wp-content\/uploads\/2014\/06\/EMPRESARIOS-MORTOS-500x334.jpg 500w, https:\/\/www.sudoestehoje.com.br\/novoportal\/wp-content\/uploads\/2014\/06\/EMPRESARIOS-MORTOS-700x467.jpg 700w, https:\/\/www.sudoestehoje.com.br\/novoportal\/wp-content\/uploads\/2014\/06\/EMPRESARIOS-MORTOS.jpg 750w\" sizes=\"auto, (max-width: 500px) 100vw, 500px\" \/><\/a><p id=\"caption-attachment-37775\" class=\"wp-caption-text\">Um dos empres\u00e1rios mortos (direita na foto) era vereador na cidade de Nova Cana\u00e3.<\/p><\/div>\n<p>A outra pessoa foi\u00a0Willy Rodrigues Costa, propriet\u00e1rio das Casas Astecas, que ocupava uma cadeira na C\u00e2mara Municipal de Nova Cana\u00e3 e era conhecido como Vei da Loja. As informa\u00e7\u00f5es foram confirmadas ao Blog do Anderson por um sobrinho de Som. Os corpos dever\u00e3o ser liberados na manh\u00e3 desta quarta-feira (4). N\u00e3o h\u00e1 informa\u00e7\u00f5es sobre vel\u00f3rio ou sepultamento. Blog do Anderson<\/p>\n<p><a href=\"http:\/\/www.sudoestehoje.com.br\/novoportal\/wp-content\/uploads\/2014\/06\/\u00d3TICA-ITAPUAN-BANNER1.jpg\"><img loading=\"lazy\" decoding=\"async\" class=\"aligncenter size-full wp-image-37799\" alt=\"\u00d3TICA-ITAPUAN-BANNER1\" src=\"http:\/\/www.sudoestehoje.com.br\/novoportal\/wp-content\/uploads\/2014\/06\/\u00d3TICA-ITAPUAN-BANNER1.jpg\" width=\"500\" height=\"179\" \/><\/a><\/p>\n","protected":false},"excerpt":{"rendered":"<p>Dois empres\u00e1rios conquistenses morreram num acidente automobil\u00edstico pr\u00f3ximo as cidades mineiras Montes Claros e Salinas, na noite desta ter\u00e7a-feira (3). As v\u00edtimas tratam-se Gerson Oliveira, conhecido como Som, diretor da Joane Confec\u00e7\u00f5es, localizada na Avenida Lauro de Freitas, Centro de Vit\u00f3ria da Conquista. A outra pessoa foi\u00a0Willy Rodrigues Costa, propriet\u00e1rio das Casas Astecas, que ocupava [&hellip;]<\/p>\n","protected":false},"author":2,"featured_media":0,"comment_status":"open","ping_status":"open","sticky":false,"template":"","format":"standard","meta":{"footnotes":"","_links_to":"","_links_to_target":""},"categories":[1],"tags":[],"class_list":["post-37773","post","type-post","status-publish","format-standard","hentry","category-geral"],"views":2790,"_links":{"self":[{"href":"https:\/\/www.sudoestehoje.com.br\/novoportal\/wp-json\/wp\/v2\/posts\/37773","targetHints":{"allow":["GET"]}}],"collection":[{"href":"https:\/\/www.sudoestehoje.com.br\/novoportal\/wp-json\/wp\/v2\/posts"}],"about":[{"href":"https:\/\/www.sudoestehoje.com.br\/novoportal\/wp-json\/wp\/v2\/types\/post"}],"author":[{"embeddable":true,"href":"https:\/\/www.sudoestehoje.com.br\/novoportal\/wp-json\/wp\/v2\/users\/2"}],"replies":[{"embeddable":true,"href":"https:\/\/www.sudoestehoje.com.br\/novoportal\/wp-json\/wp\/v2\/comments?post=37773"}],"version-history":[{"count":3,"href":"https:\/\/www.sudoestehoje.com.br\/novoportal\/wp-json\/wp\/v2\/posts\/37773\/revisions"}],"predecessor-version":[{"id":37800,"href":"https:\/\/www.sudoestehoje.com.br\/novoportal\/wp-json\/wp\/v2\/posts\/37773\/revisions\/37800"}],"wp:attachment":[{"href":"https:\/\/www.sudoestehoje.com.br\/novoportal\/wp-json\/wp\/v2\/media?parent=37773"}],"wp:term":[{"taxonomy":"category","embeddable":true,"href":"https:\/\/www.sudoestehoje.com.br\/novoportal\/wp-json\/wp\/v2\/categories?post=37773"},{"taxonomy":"post_tag","embeddable":true,"href":"https:\/\/www.sudoestehoje.com.br\/novoportal\/wp-json\/wp\/v2\/tags?post=37773"}],"curies":[{"name":"wp","href":"https:\/\/api.w.org\/{rel}","templated":true}]}}