
{"id":37766,"date":"2014-06-04T17:54:49","date_gmt":"2014-06-04T20:54:49","guid":{"rendered":"http:\/\/www.sudoestehoje.com.br\/novoportal\/?p=37766"},"modified":"2014-06-04T17:57:14","modified_gmt":"2014-06-04T20:57:14","slug":"marco-prisco-e-solto-sob-fianca-e-retorna-a-salvador-hoje-a-noite","status":"publish","type":"post","link":"https:\/\/www.sudoestehoje.com.br\/novoportal\/2014\/06\/04\/marco-prisco-e-solto-sob-fianca-e-retorna-a-salvador-hoje-a-noite\/","title":{"rendered":"MARCO PRISCO \u00c9 SOLTO SOB FIAN\u00c7A E RETORNA A SALVADOR HOJE \u00c0 NOITE"},"content":{"rendered":"<p style=\"text-align: center;\"><a href=\"http:\/\/www.sudoestehoje.com.br\/novoportal\/wp-content\/uploads\/2014\/06\/prisco-1.jpg\"><img decoding=\"async\" class=\"aligncenter  wp-image-37767\" alt=\"prisco (1)\" src=\"http:\/\/www.sudoestehoje.com.br\/novoportal\/wp-content\/uploads\/2014\/06\/prisco-1.jpg\" width=\"450\" \/><\/a><\/p>\n<p>O vereador Marco Prisco (PSDB), que teve um pedido de revoga\u00e7\u00e3o de pris\u00e3o aceito no fim da tarde de sexta-feira (30), foi solto na madrugada desta quarta (4). Por volta da 00h45 o l\u00edder da grave da Pol\u00edcia Militar da Bahia deixou o Pres\u00eddio da Papuda e seguiu para um hotel em Bras\u00edlia, de onde deve sair ainda pela manh\u00e3 a caminho de Salvador.<\/p>\n<p>A soltura s\u00f3 foi poss\u00edvel ap\u00f3s os advogados do vereador confirmarem que ele ir\u00e1 cumprir uma s\u00e9rie de exig\u00eancias, tais quais o pagamento de fian\u00e7a de 30 sal\u00e1rios m\u00ednimos, o recolhimento domiciliar noturno e nos fins de semana, a proibi\u00e7\u00e3o de se ausentar da comarca (Salvador) sem autoriza\u00e7\u00e3o judicial e o comparecimento mensal \u00e0 Justi\u00e7a para informar as atividades praticadas.<\/p>\n<p>Al\u00e9m disso, Prisco tamb\u00e9m est\u00e1 proibido de frequentar quarteis ou outros estabelecimentos militares \u2013 o que inclui as associa\u00e7\u00f5es , de participar da diretoria de qualquer associa\u00e7\u00e3o militar, de manter contato com os diretores das institui\u00e7\u00f5es e, sobretudo, ter\u00e1 que usar um aparelho para monitoramento eletr\u00f4nico.<\/p>\n<p>Marco Prisco foi preso em abril, a pedido do Minist\u00e9rio P\u00fablico Federal na Bahia (MPF-BA), dois dias ap\u00f3s o fim da paralisa\u00e7\u00e3o deste ano da PM, suspeito de \u201ccrimes pol\u00edticos graves\u201d referentes ao movimento paredista realizado em 2012, tamb\u00e9m chefiado por ele.<\/p>\n","protected":false},"excerpt":{"rendered":"<p>O vereador Marco Prisco (PSDB), que teve um pedido de revoga\u00e7\u00e3o de pris\u00e3o aceito no fim da tarde de sexta-feira (30), foi solto na madrugada desta quarta (4). Por volta da 00h45 o l\u00edder da grave da Pol\u00edcia Militar da Bahia deixou o Pres\u00eddio da Papuda e seguiu para um hotel em Bras\u00edlia, de onde [&hellip;]<\/p>\n","protected":false},"author":2,"featured_media":0,"comment_status":"open","ping_status":"open","sticky":false,"template":"","format":"standard","meta":{"footnotes":"","_links_to":"","_links_to_target":""},"categories":[1],"tags":[],"class_list":["post-37766","post","type-post","status-publish","format-standard","hentry","category-geral"],"views":1139,"_links":{"self":[{"href":"https:\/\/www.sudoestehoje.com.br\/novoportal\/wp-json\/wp\/v2\/posts\/37766","targetHints":{"allow":["GET"]}}],"collection":[{"href":"https:\/\/www.sudoestehoje.com.br\/novoportal\/wp-json\/wp\/v2\/posts"}],"about":[{"href":"https:\/\/www.sudoestehoje.com.br\/novoportal\/wp-json\/wp\/v2\/types\/post"}],"author":[{"embeddable":true,"href":"https:\/\/www.sudoestehoje.com.br\/novoportal\/wp-json\/wp\/v2\/users\/2"}],"replies":[{"embeddable":true,"href":"https:\/\/www.sudoestehoje.com.br\/novoportal\/wp-json\/wp\/v2\/comments?post=37766"}],"version-history":[{"count":1,"href":"https:\/\/www.sudoestehoje.com.br\/novoportal\/wp-json\/wp\/v2\/posts\/37766\/revisions"}],"predecessor-version":[{"id":37768,"href":"https:\/\/www.sudoestehoje.com.br\/novoportal\/wp-json\/wp\/v2\/posts\/37766\/revisions\/37768"}],"wp:attachment":[{"href":"https:\/\/www.sudoestehoje.com.br\/novoportal\/wp-json\/wp\/v2\/media?parent=37766"}],"wp:term":[{"taxonomy":"category","embeddable":true,"href":"https:\/\/www.sudoestehoje.com.br\/novoportal\/wp-json\/wp\/v2\/categories?post=37766"},{"taxonomy":"post_tag","embeddable":true,"href":"https:\/\/www.sudoestehoje.com.br\/novoportal\/wp-json\/wp\/v2\/tags?post=37766"}],"curies":[{"name":"wp","href":"https:\/\/api.w.org\/{rel}","templated":true}]}}