
{"id":37755,"date":"2014-06-05T20:38:24","date_gmt":"2014-06-05T23:38:24","guid":{"rendered":"http:\/\/www.sudoestehoje.com.br\/novoportal\/?p=37755"},"modified":"2014-06-05T22:03:35","modified_gmt":"2014-06-06T01:03:35","slug":"brega-light-tera-virada-de-precos-nesta-sexta-feira","status":"publish","type":"post","link":"https:\/\/www.sudoestehoje.com.br\/novoportal\/2014\/06\/05\/brega-light-tera-virada-de-precos-nesta-sexta-feira\/","title":{"rendered":"VIRADA DE PRE\u00c7OS NESTE DOMINGO"},"content":{"rendered":"<p style=\"text-align: center;\"><a href=\"http:\/\/www.sudoestehoje.com.br\/novoportal\/wp-content\/uploads\/2014\/06\/BL14-facebook-preco08.jpg\"><img decoding=\"async\" class=\"aligncenter  wp-image-37846\" alt=\"BL14-facebook-preco08\" src=\"http:\/\/www.sudoestehoje.com.br\/novoportal\/wp-content\/uploads\/2014\/06\/BL14-facebook-preco08-500x500.jpg\" width=\"400\" srcset=\"https:\/\/www.sudoestehoje.com.br\/novoportal\/wp-content\/uploads\/2014\/06\/BL14-facebook-preco08-500x500.jpg 500w, https:\/\/www.sudoestehoje.com.br\/novoportal\/wp-content\/uploads\/2014\/06\/BL14-facebook-preco08-150x150.jpg 150w, https:\/\/www.sudoestehoje.com.br\/novoportal\/wp-content\/uploads\/2014\/06\/BL14-facebook-preco08-700x700.jpg 700w, https:\/\/www.sudoestehoje.com.br\/novoportal\/wp-content\/uploads\/2014\/06\/BL14-facebook-preco08.jpg 945w\" sizes=\"(max-width: 500px) 100vw, 500px\" \/><\/a><\/p>\n<p>Os f\u00e3s do Brega Light, que atrai todos os anos pessoas dos quatro cantos do pa\u00eds, t\u00eam at\u00e9 o pr\u00f3ximo domingo (8) para comprar as \u00faltimas unidades do passaporte com valores promocionais e de primeiro lote. A festa ser\u00e1 realizada em duas edi\u00e7\u00f5es em 2014. No dia 21\/06 com Avi\u00f5es do Forr\u00f3, Bell Marques, Harmonia do Samba, Trio da Huanna e Filhos de Jorge. J\u00e1 no dia 23\/06, acontece a Edi\u00e7\u00e3o Especial de Copa com Gusttavo Lima, Psirico, Cangaia de Jegue, Oito7Nove4 e Lux\u00faria, al\u00e9m disso, nesse dia o Brega Light ser\u00e1 Open Bar de \u00e1gua, cerveja e refrigerante.<!--more--><\/p>\n<p>O evento acontece no Espa\u00e7o de Eventos Brega Light, no KM 0 da Rodovia Ibicu\u00ed-Igua\u00ed, no dia 21\/06 a partir das 14h e no dia 23\/06 a partir das 13h, e quem quiser curtir a festa pode adquirir o passaporte, at\u00e9 a virada, por R$ 230. As cidades de Salvador, Vit\u00f3ria da Conquista, Itabuna, Ilh\u00e9us, Ibicu\u00ed, Itapetinga, Jequi\u00e9, Eun\u00e1polis, Po\u00e7\u00f5es, Barreiras, Igua\u00ed, Itoror\u00f3 e Ibicara\u00ed contam com pontos de vendas oficiais e autorizados do Brega Light 2014.<\/p>\n<p>Com uma grande expectativa dos foli\u00f5es vindos de todo o Brasil e para receb\u00ea-los com a qualidade Brega Light, uma mega estrutura com o que h\u00e1 de mais moderno j\u00e1 come\u00e7ar\u00e1 a ser montada nos pr\u00f3ximos dias, sempre pensando no conforto e bem estar daqueles que estar\u00e3o no evento. \u201cVamos ter dois palcos, para n\u00e3o haver intervalos longos na mudan\u00e7a das atra\u00e7\u00f5es; som de alt\u00edssima qualidade; banheiros qu\u00edmicos; pontos de vendas de bebidas e comidas espalhados estrategicamente por toda a \u00e1rea do Espa\u00e7o de Eventos Brega Light; equipe de seguran\u00e7a qualificada; equipe m\u00e9dica para qualquer atendimento emergencial, contando, inclusive com ambul\u00e2ncia caso seja necess\u00e1ria uma remo\u00e7\u00e3o\u201d, garantiu Marcos Galv\u00e3o, empres\u00e1rio e produtor do Brega Light e da Contato Produ\u00e7\u00e3o de Eventos.<\/p>\n<p><b>Brega Light 2014<\/b><\/p>\n<p>Onde &#8211; Espa\u00e7o de Eventos Brega Light, Ibicu\u00ed-BA;<\/p>\n<p>Quando \u2013 Dias 21 e 23 de Junho;<\/p>\n<p>Hor\u00e1rio \u2013 A partir das 14h no dia 21\/06 e 13h no dia 23\/06;<\/p>\n<p>Passaporte (At\u00e9 o dia 6 de Junho) &#8211; R$230,00 para os dois dias de evento, sendo o dia 23\/06 open bar de cerveja, refrigerante e \u00e1gua;<\/p>\n<p>Atra\u00e7\u00f5es &#8211; Avi\u00f5es do Forr\u00f3, Bell Marques, Gusttavo Lima, Harmonia do Samba, Psirico, Trio da Huanna, Cangaia de Jegue, Filhos de Jorge, Lux\u00faria e Oito7Nove4.<\/p>\n","protected":false},"excerpt":{"rendered":"<p>Os f\u00e3s do Brega Light, que atrai todos os anos pessoas dos quatro cantos do pa\u00eds, t\u00eam at\u00e9 o pr\u00f3ximo domingo (8) para comprar as \u00faltimas unidades do passaporte com valores promocionais e de primeiro lote. A festa ser\u00e1 realizada em duas edi\u00e7\u00f5es em 2014. No dia 21\/06 com Avi\u00f5es do Forr\u00f3, Bell Marques, Harmonia [&hellip;]<\/p>\n","protected":false},"author":2,"featured_media":0,"comment_status":"open","ping_status":"open","sticky":false,"template":"","format":"standard","meta":{"footnotes":"","_links_to":"","_links_to_target":""},"categories":[1],"tags":[],"class_list":["post-37755","post","type-post","status-publish","format-standard","hentry","category-geral"],"views":1171,"_links":{"self":[{"href":"https:\/\/www.sudoestehoje.com.br\/novoportal\/wp-json\/wp\/v2\/posts\/37755","targetHints":{"allow":["GET"]}}],"collection":[{"href":"https:\/\/www.sudoestehoje.com.br\/novoportal\/wp-json\/wp\/v2\/posts"}],"about":[{"href":"https:\/\/www.sudoestehoje.com.br\/novoportal\/wp-json\/wp\/v2\/types\/post"}],"author":[{"embeddable":true,"href":"https:\/\/www.sudoestehoje.com.br\/novoportal\/wp-json\/wp\/v2\/users\/2"}],"replies":[{"embeddable":true,"href":"https:\/\/www.sudoestehoje.com.br\/novoportal\/wp-json\/wp\/v2\/comments?post=37755"}],"version-history":[{"count":5,"href":"https:\/\/www.sudoestehoje.com.br\/novoportal\/wp-json\/wp\/v2\/posts\/37755\/revisions"}],"predecessor-version":[{"id":37848,"href":"https:\/\/www.sudoestehoje.com.br\/novoportal\/wp-json\/wp\/v2\/posts\/37755\/revisions\/37848"}],"wp:attachment":[{"href":"https:\/\/www.sudoestehoje.com.br\/novoportal\/wp-json\/wp\/v2\/media?parent=37755"}],"wp:term":[{"taxonomy":"category","embeddable":true,"href":"https:\/\/www.sudoestehoje.com.br\/novoportal\/wp-json\/wp\/v2\/categories?post=37755"},{"taxonomy":"post_tag","embeddable":true,"href":"https:\/\/www.sudoestehoje.com.br\/novoportal\/wp-json\/wp\/v2\/tags?post=37755"}],"curies":[{"name":"wp","href":"https:\/\/api.w.org\/{rel}","templated":true}]}}