
{"id":37742,"date":"2014-06-03T23:30:30","date_gmt":"2014-06-04T02:30:30","guid":{"rendered":"http:\/\/www.sudoestehoje.com.br\/novoportal\/?p=37742"},"modified":"2014-06-04T00:58:12","modified_gmt":"2014-06-04T03:58:12","slug":"itapetinga-professores-paralisam-na-quarta-e-quinta-e-podem-entrar-em-greve-a-partir-de-segunda","status":"publish","type":"post","link":"https:\/\/www.sudoestehoje.com.br\/novoportal\/2014\/06\/03\/itapetinga-professores-paralisam-na-quarta-e-quinta-e-podem-entrar-em-greve-a-partir-de-segunda\/","title":{"rendered":"ITAPETINGA: PROFESSORES PARALISAM NA QUARTA E QUINTA E PODEM ENTRAR EM GREVE A PARTIR DE SEGUNDA"},"content":{"rendered":"<p><a href=\"http:\/\/www.sudoestehoje.com.br\/novoportal\/wp-content\/uploads\/2014\/06\/ass-prof.jpg\"><img loading=\"lazy\" decoding=\"async\" class=\"aligncenter size-medium wp-image-37743\" alt=\"ass prof\" src=\"http:\/\/www.sudoestehoje.com.br\/novoportal\/wp-content\/uploads\/2014\/06\/ass-prof-500x375.jpg\" width=\"500\" height=\"375\" srcset=\"https:\/\/www.sudoestehoje.com.br\/novoportal\/wp-content\/uploads\/2014\/06\/ass-prof-500x375.jpg 500w, https:\/\/www.sudoestehoje.com.br\/novoportal\/wp-content\/uploads\/2014\/06\/ass-prof.jpg 640w\" sizes=\"auto, (max-width: 500px) 100vw, 500px\" \/><\/a><\/p>\n<p>Em assembl\u00e9ia realizada nesta ter\u00e7a, no plen\u00e1rio da C\u00e2mara de Vereadores, os educadores da rede municipal decidiram entrar em estado de greve e paralisarem nos dias 04 e 05 de junho (quarta e quinta-feira), em rep\u00fadio \u00e0 lament\u00e1vel proposta de reajuste da prefeitura, sem retroativo a janeiro, num enorme desrespeito a Lei do Piso, no seu Art. 5\u00ba, feita por parte do\u00a0prefeito Z\u00e9 Carlos e da secret\u00e1ria de educa\u00e7\u00e3o Sibele Neris, que relutam em dialogar e atender as justas reivindica\u00e7\u00f5es do educadores municipais.<\/p>\n<p><img decoding=\"async\" class=\"aligncenter\" alt=\"\" src=\"https:\/\/fbcdn-sphotos-b-a.akamaihd.net\/hphotos-ak-xfp1\/t1.0-9\/10411320_465998093547021_1165715118677785939_n.jpg\" width=\"500\" \/><\/p>\n<p>Caso n\u00e3o sejam atendidas as reivindica\u00e7\u00f5es at\u00e9 a pr\u00f3xima sexta-feira (6), os profissionais da educa\u00e7\u00e3o paralisam as atividades por tempo indeterminado a partir de segunda-feira.<\/p>\n<p>Em sua p\u00e1gina no Facebook, o coordenador da APLB, Renan Coelho, declarou: <em>&#8220;Os educadores n\u00e3o aceitaram a postura da Administra\u00e7\u00e3o que insiste num reajuste sem retroativo, um retrocesso diante das conquistas que j\u00e1 tivemos rumo a valoriza\u00e7\u00e3o profissional&#8221;.<\/em><\/p>\n<p><img decoding=\"async\" class=\"aligncenter\" alt=\"\" src=\"https:\/\/scontent-b-iad.xx.fbcdn.net\/hphotos-xfp1\/t1.0-9\/1506988_465998136880350_3190866632292059657_n.jpg\" width=\"500\" \/><\/p>\n","protected":false},"excerpt":{"rendered":"<p>Em assembl\u00e9ia realizada nesta ter\u00e7a, no plen\u00e1rio da C\u00e2mara de Vereadores, os educadores da rede municipal decidiram entrar em estado de greve e paralisarem nos dias 04 e 05 de junho (quarta e quinta-feira), em rep\u00fadio \u00e0 lament\u00e1vel proposta de reajuste da prefeitura, sem retroativo a janeiro, num enorme desrespeito a Lei do Piso, no [&hellip;]<\/p>\n","protected":false},"author":2,"featured_media":0,"comment_status":"open","ping_status":"open","sticky":false,"template":"","format":"standard","meta":{"footnotes":"","_links_to":"","_links_to_target":""},"categories":[1],"tags":[],"class_list":["post-37742","post","type-post","status-publish","format-standard","hentry","category-geral"],"views":1156,"_links":{"self":[{"href":"https:\/\/www.sudoestehoje.com.br\/novoportal\/wp-json\/wp\/v2\/posts\/37742","targetHints":{"allow":["GET"]}}],"collection":[{"href":"https:\/\/www.sudoestehoje.com.br\/novoportal\/wp-json\/wp\/v2\/posts"}],"about":[{"href":"https:\/\/www.sudoestehoje.com.br\/novoportal\/wp-json\/wp\/v2\/types\/post"}],"author":[{"embeddable":true,"href":"https:\/\/www.sudoestehoje.com.br\/novoportal\/wp-json\/wp\/v2\/users\/2"}],"replies":[{"embeddable":true,"href":"https:\/\/www.sudoestehoje.com.br\/novoportal\/wp-json\/wp\/v2\/comments?post=37742"}],"version-history":[{"count":10,"href":"https:\/\/www.sudoestehoje.com.br\/novoportal\/wp-json\/wp\/v2\/posts\/37742\/revisions"}],"predecessor-version":[{"id":37754,"href":"https:\/\/www.sudoestehoje.com.br\/novoportal\/wp-json\/wp\/v2\/posts\/37742\/revisions\/37754"}],"wp:attachment":[{"href":"https:\/\/www.sudoestehoje.com.br\/novoportal\/wp-json\/wp\/v2\/media?parent=37742"}],"wp:term":[{"taxonomy":"category","embeddable":true,"href":"https:\/\/www.sudoestehoje.com.br\/novoportal\/wp-json\/wp\/v2\/categories?post=37742"},{"taxonomy":"post_tag","embeddable":true,"href":"https:\/\/www.sudoestehoje.com.br\/novoportal\/wp-json\/wp\/v2\/tags?post=37742"}],"curies":[{"name":"wp","href":"https:\/\/api.w.org\/{rel}","templated":true}]}}