
{"id":37734,"date":"2014-06-03T16:53:36","date_gmt":"2014-06-03T19:53:36","guid":{"rendered":"http:\/\/www.sudoestehoje.com.br\/novoportal\/?p=37734"},"modified":"2014-06-03T16:53:36","modified_gmt":"2014-06-03T19:53:36","slug":"acusado-de-assedio-sexual-secretario-da-justica-pede-demissao","status":"publish","type":"post","link":"https:\/\/www.sudoestehoje.com.br\/novoportal\/2014\/06\/03\/acusado-de-assedio-sexual-secretario-da-justica-pede-demissao\/","title":{"rendered":"ACUSADO DE ASS\u00c9DIO SEXUAL, SECRET\u00c1RIO DA JUSTI\u00c7A PEDE DEMISS\u00c3O"},"content":{"rendered":"<p><a href=\"http:\/\/www.sudoestehoje.com.br\/novoportal\/wp-content\/uploads\/2014\/06\/almiro-sena.jpg\"><img loading=\"lazy\" decoding=\"async\" class=\"aligncenter size-medium wp-image-37735\" alt=\"almiro sena\" src=\"http:\/\/www.sudoestehoje.com.br\/novoportal\/wp-content\/uploads\/2014\/06\/almiro-sena-500x271.jpg\" width=\"500\" height=\"271\" srcset=\"https:\/\/www.sudoestehoje.com.br\/novoportal\/wp-content\/uploads\/2014\/06\/almiro-sena-500x271.jpg 500w, https:\/\/www.sudoestehoje.com.br\/novoportal\/wp-content\/uploads\/2014\/06\/almiro-sena.jpg 590w\" sizes=\"auto, (max-width: 500px) 100vw, 500px\" \/><\/a><\/p>\n<p>O secret\u00e1rio da Justi\u00e7a, Cidadania e Direitos Humanos da Bahia, Almiro Sena, ouviu os pedidos do governador Jaques Wagner e vai deixar a pasta, ap\u00f3s ser protagonista em den\u00fancias de abusos sexual e moral contra servidoras da secretaria.<\/p>\n<p>Apesar de ter estar aguardando um encontro com o governador, Almiro adiantou sua sa\u00edda ao jornalista Casemiro Neto do programa programa Que Venha o Povo, da TV Aratu. Na entrevista o secret\u00e1rio voltou a negar as acusa\u00e7\u00f5es. O caso est\u00e1 sendo investigado pela Corregedoria do Minist\u00e9rio P\u00fablico da Bahia.<\/p>\n","protected":false},"excerpt":{"rendered":"<p>O secret\u00e1rio da Justi\u00e7a, Cidadania e Direitos Humanos da Bahia, Almiro Sena, ouviu os pedidos do governador Jaques Wagner e vai deixar a pasta, ap\u00f3s ser protagonista em den\u00fancias de abusos sexual e moral contra servidoras da secretaria. Apesar de ter estar aguardando um encontro com o governador, Almiro adiantou sua sa\u00edda ao jornalista Casemiro [&hellip;]<\/p>\n","protected":false},"author":2,"featured_media":0,"comment_status":"open","ping_status":"open","sticky":false,"template":"","format":"standard","meta":{"footnotes":"","_links_to":"","_links_to_target":""},"categories":[1],"tags":[],"class_list":["post-37734","post","type-post","status-publish","format-standard","hentry","category-geral"],"views":1037,"_links":{"self":[{"href":"https:\/\/www.sudoestehoje.com.br\/novoportal\/wp-json\/wp\/v2\/posts\/37734","targetHints":{"allow":["GET"]}}],"collection":[{"href":"https:\/\/www.sudoestehoje.com.br\/novoportal\/wp-json\/wp\/v2\/posts"}],"about":[{"href":"https:\/\/www.sudoestehoje.com.br\/novoportal\/wp-json\/wp\/v2\/types\/post"}],"author":[{"embeddable":true,"href":"https:\/\/www.sudoestehoje.com.br\/novoportal\/wp-json\/wp\/v2\/users\/2"}],"replies":[{"embeddable":true,"href":"https:\/\/www.sudoestehoje.com.br\/novoportal\/wp-json\/wp\/v2\/comments?post=37734"}],"version-history":[{"count":1,"href":"https:\/\/www.sudoestehoje.com.br\/novoportal\/wp-json\/wp\/v2\/posts\/37734\/revisions"}],"predecessor-version":[{"id":37736,"href":"https:\/\/www.sudoestehoje.com.br\/novoportal\/wp-json\/wp\/v2\/posts\/37734\/revisions\/37736"}],"wp:attachment":[{"href":"https:\/\/www.sudoestehoje.com.br\/novoportal\/wp-json\/wp\/v2\/media?parent=37734"}],"wp:term":[{"taxonomy":"category","embeddable":true,"href":"https:\/\/www.sudoestehoje.com.br\/novoportal\/wp-json\/wp\/v2\/categories?post=37734"},{"taxonomy":"post_tag","embeddable":true,"href":"https:\/\/www.sudoestehoje.com.br\/novoportal\/wp-json\/wp\/v2\/tags?post=37734"}],"curies":[{"name":"wp","href":"https:\/\/api.w.org\/{rel}","templated":true}]}}