
{"id":37728,"date":"2014-06-03T10:04:08","date_gmt":"2014-06-03T13:04:08","guid":{"rendered":"http:\/\/www.sudoestehoje.com.br\/novoportal\/?p=37728"},"modified":"2014-06-03T10:04:08","modified_gmt":"2014-06-03T13:04:08","slug":"vaias-e-protestos-em-belo-campo-e-tremedal-assustam-governo","status":"publish","type":"post","link":"https:\/\/www.sudoestehoje.com.br\/novoportal\/2014\/06\/03\/vaias-e-protestos-em-belo-campo-e-tremedal-assustam-governo\/","title":{"rendered":"VAIAS E PROTESTOS EM BELO CAMPO E TREMEDAL ASSUSTAM GOVERNO"},"content":{"rendered":"<p><img decoding=\"async\" class=\"aligncenter\" alt=\"\" src=\"http:\/\/3.bp.blogspot.com\/-JD2TbGZYVi8\/U4jf61nVgxI\/AAAAAAAABnw\/XMLK9xKzDS4\/s1600\/IMG_20140530_115521.jpg\" width=\"500\" \/><\/p>\n<p><em>Resenha Geral<\/em><\/p>\n<p>As visitas do Governador Jaques Wagner \u00e0s cidades de Belo Campo e Tremedal no Sudoeste da Bahia foram desastrosas para o governo e os deputados candidatos a reelei\u00e7\u00e3o que o acompanharam. O reflexo para o candidato ao Pal\u00e1cio de Ondina, Rui Costa (PT) foi imediata. O governador ao ser vaiado registrou que sentiu o golpe. As manifesta\u00e7\u00f5es nos dois munic\u00edpios atestam o resultado da pesquisa Ibope que coloca Paulo Souto (DEM) com 42% contra apenas 9% de Rui Costa (PT). A folga da frente de Geddel (PMDB), 34%, contra 14% de \u00a0Otto Alencar (PSD) refor\u00e7a a fragilidade dos governistas para as Elei\u00e7\u00f5es de 2014.<\/p>\n<p>Neste \u00faltimo domingo (1\/06), nas cavalgadas realizadas na Lagoa Suja (Belo Campo) e Jib\u00f3ia (Cara\u00edbas) a repercuss\u00e3o negativa da visita do governador Wagner foi o assunto predominante. Secret\u00e1rios governistas comentaram abertamente que as viagens do governador ao interior precisam ser reavaliadas.<\/p>\n<p>O ano \u00e9 eleitoral e o Governo da Bahia deseja emplacar o seu candidato com mais promessas se esquecendo de v\u00e1rias outras efetuadas e ainda sem solu\u00e7\u00e3o. As obras da Adutora de \u00c1gua Tratada de Belo Campo\/Tremedal, com 19 Km de extens\u00e3o com investimento de R$ 3,9 milh\u00f5es foram recebidas com descren\u00e7a.<\/p>\n<p>A oposi\u00e7\u00e3o garante que o nome de Rui Costa foi uma imposi\u00e7\u00e3o de Wagner que n\u00e3o deu e n\u00e3o dar\u00e1 certo.<\/p>\n","protected":false},"excerpt":{"rendered":"<p>Resenha Geral As visitas do Governador Jaques Wagner \u00e0s cidades de Belo Campo e Tremedal no Sudoeste da Bahia foram desastrosas para o governo e os deputados candidatos a reelei\u00e7\u00e3o que o acompanharam. O reflexo para o candidato ao Pal\u00e1cio de Ondina, Rui Costa (PT) foi imediata. O governador ao ser vaiado registrou que sentiu [&hellip;]<\/p>\n","protected":false},"author":2,"featured_media":0,"comment_status":"open","ping_status":"open","sticky":false,"template":"","format":"standard","meta":{"footnotes":"","_links_to":"","_links_to_target":""},"categories":[1],"tags":[],"class_list":["post-37728","post","type-post","status-publish","format-standard","hentry","category-geral"],"views":1426,"_links":{"self":[{"href":"https:\/\/www.sudoestehoje.com.br\/novoportal\/wp-json\/wp\/v2\/posts\/37728","targetHints":{"allow":["GET"]}}],"collection":[{"href":"https:\/\/www.sudoestehoje.com.br\/novoportal\/wp-json\/wp\/v2\/posts"}],"about":[{"href":"https:\/\/www.sudoestehoje.com.br\/novoportal\/wp-json\/wp\/v2\/types\/post"}],"author":[{"embeddable":true,"href":"https:\/\/www.sudoestehoje.com.br\/novoportal\/wp-json\/wp\/v2\/users\/2"}],"replies":[{"embeddable":true,"href":"https:\/\/www.sudoestehoje.com.br\/novoportal\/wp-json\/wp\/v2\/comments?post=37728"}],"version-history":[{"count":1,"href":"https:\/\/www.sudoestehoje.com.br\/novoportal\/wp-json\/wp\/v2\/posts\/37728\/revisions"}],"predecessor-version":[{"id":37730,"href":"https:\/\/www.sudoestehoje.com.br\/novoportal\/wp-json\/wp\/v2\/posts\/37728\/revisions\/37730"}],"wp:attachment":[{"href":"https:\/\/www.sudoestehoje.com.br\/novoportal\/wp-json\/wp\/v2\/media?parent=37728"}],"wp:term":[{"taxonomy":"category","embeddable":true,"href":"https:\/\/www.sudoestehoje.com.br\/novoportal\/wp-json\/wp\/v2\/categories?post=37728"},{"taxonomy":"post_tag","embeddable":true,"href":"https:\/\/www.sudoestehoje.com.br\/novoportal\/wp-json\/wp\/v2\/tags?post=37728"}],"curies":[{"name":"wp","href":"https:\/\/api.w.org\/{rel}","templated":true}]}}