
{"id":37723,"date":"2014-06-03T09:36:07","date_gmt":"2014-06-03T12:36:07","guid":{"rendered":"http:\/\/www.sudoestehoje.com.br\/novoportal\/?p=37723"},"modified":"2014-06-03T09:38:51","modified_gmt":"2014-06-03T12:38:51","slug":"indulto-de-dilma-solta-lalau","status":"publish","type":"post","link":"https:\/\/www.sudoestehoje.com.br\/novoportal\/2014\/06\/03\/indulto-de-dilma-solta-lalau\/","title":{"rendered":"INDULTO DE DILMA SOLTA &#8220;LALAU&#8221;"},"content":{"rendered":"<p style=\"text-align: center;\"><a href=\"http:\/\/www.sudoestehoje.com.br\/novoportal\/wp-content\/uploads\/2014\/06\/juiz-lalau.jpg\"><img decoding=\"async\" class=\"aligncenter  wp-image-37724\" alt=\"juiz-lalau\" src=\"http:\/\/www.sudoestehoje.com.br\/novoportal\/wp-content\/uploads\/2014\/06\/juiz-lalau.jpg\" width=\"400\" \/><\/a><\/p>\n<p>A Justi\u00e7a expediu nesta segunda (2), alvar\u00e1 de soltura do ex-juiz Nicolau dos Santos Neto em medida que atende indulto concedido em dezembro de 2012 pela presidente Dilma Rousseff (PT).<\/p>\n<p>Aos 85 anos de idade, condenado a 26 anos e meio de pris\u00e3o, Lalau foi o principal acusado no inicio dos anos 2000 no esc\u00e2ndalo do desvio de R$ 169 milh\u00f5es \u2013 cerca de R$ 1 bilh\u00e3o atualizados, segundo a Procuradoria da Rep\u00fablica \u2013, das obras do F\u00f3rum Trabalhista da Capital.<\/p>\n<p>\u201cA decis\u00e3o j\u00e1 era h\u00e1 muito esperada\u201d, declarou o advogado Celmo M\u00e1rcio de Assis Pereira, que defende Nicolau. \u201cA Justi\u00e7a Federal declinou da compet\u00eancia e o processo teve que recome\u00e7ar na Justi\u00e7a Estadual. Por isso ele cumpriu pena por um tempo al\u00e9m do necess\u00e1rio que a sociedade exigiu dele.\u201d Com informa\u00e7\u00f5es do Estad\u00e3o.<\/p>\n","protected":false},"excerpt":{"rendered":"<p>A Justi\u00e7a expediu nesta segunda (2), alvar\u00e1 de soltura do ex-juiz Nicolau dos Santos Neto em medida que atende indulto concedido em dezembro de 2012 pela presidente Dilma Rousseff (PT). Aos 85 anos de idade, condenado a 26 anos e meio de pris\u00e3o, Lalau foi o principal acusado no inicio dos anos 2000 no esc\u00e2ndalo [&hellip;]<\/p>\n","protected":false},"author":2,"featured_media":0,"comment_status":"open","ping_status":"open","sticky":false,"template":"","format":"standard","meta":{"footnotes":"","_links_to":"","_links_to_target":""},"categories":[1],"tags":[],"class_list":["post-37723","post","type-post","status-publish","format-standard","hentry","category-geral"],"views":2354,"_links":{"self":[{"href":"https:\/\/www.sudoestehoje.com.br\/novoportal\/wp-json\/wp\/v2\/posts\/37723","targetHints":{"allow":["GET"]}}],"collection":[{"href":"https:\/\/www.sudoestehoje.com.br\/novoportal\/wp-json\/wp\/v2\/posts"}],"about":[{"href":"https:\/\/www.sudoestehoje.com.br\/novoportal\/wp-json\/wp\/v2\/types\/post"}],"author":[{"embeddable":true,"href":"https:\/\/www.sudoestehoje.com.br\/novoportal\/wp-json\/wp\/v2\/users\/2"}],"replies":[{"embeddable":true,"href":"https:\/\/www.sudoestehoje.com.br\/novoportal\/wp-json\/wp\/v2\/comments?post=37723"}],"version-history":[{"count":3,"href":"https:\/\/www.sudoestehoje.com.br\/novoportal\/wp-json\/wp\/v2\/posts\/37723\/revisions"}],"predecessor-version":[{"id":37727,"href":"https:\/\/www.sudoestehoje.com.br\/novoportal\/wp-json\/wp\/v2\/posts\/37723\/revisions\/37727"}],"wp:attachment":[{"href":"https:\/\/www.sudoestehoje.com.br\/novoportal\/wp-json\/wp\/v2\/media?parent=37723"}],"wp:term":[{"taxonomy":"category","embeddable":true,"href":"https:\/\/www.sudoestehoje.com.br\/novoportal\/wp-json\/wp\/v2\/categories?post=37723"},{"taxonomy":"post_tag","embeddable":true,"href":"https:\/\/www.sudoestehoje.com.br\/novoportal\/wp-json\/wp\/v2\/tags?post=37723"}],"curies":[{"name":"wp","href":"https:\/\/api.w.org\/{rel}","templated":true}]}}