
{"id":37720,"date":"2014-06-03T00:04:49","date_gmt":"2014-06-03T03:04:49","guid":{"rendered":"http:\/\/www.sudoestehoje.com.br\/novoportal\/?p=37720"},"modified":"2014-06-03T00:04:49","modified_gmt":"2014-06-03T03:04:49","slug":"rui-costa-faz-campanha-em-inauguracao-de-obra-do-governo","status":"publish","type":"post","link":"https:\/\/www.sudoestehoje.com.br\/novoportal\/2014\/06\/03\/rui-costa-faz-campanha-em-inauguracao-de-obra-do-governo\/","title":{"rendered":"RUI COSTA FAZ CAMPANHA EM INAUGURA\u00c7\u00c3O DE OBRA DO GOVERNO"},"content":{"rendered":"<p><a href=\"http:\/\/www.sudoestehoje.com.br\/novoportal\/wp-content\/uploads\/2014\/06\/RUI-CEASINHA.jpg\"><img loading=\"lazy\" decoding=\"async\" class=\"aligncenter size-medium wp-image-37721\" alt=\"RUI CEASINHA\" src=\"http:\/\/www.sudoestehoje.com.br\/novoportal\/wp-content\/uploads\/2014\/06\/RUI-CEASINHA-500x179.jpg\" width=\"500\" height=\"179\" srcset=\"https:\/\/www.sudoestehoje.com.br\/novoportal\/wp-content\/uploads\/2014\/06\/RUI-CEASINHA-500x179.jpg 500w, https:\/\/www.sudoestehoje.com.br\/novoportal\/wp-content\/uploads\/2014\/06\/RUI-CEASINHA-700x250.jpg 700w, https:\/\/www.sudoestehoje.com.br\/novoportal\/wp-content\/uploads\/2014\/06\/RUI-CEASINHA.jpg 1000w\" sizes=\"auto, (max-width: 500px) 100vw, 500px\" \/><\/a><\/p>\n<p>O pr\u00e9-candidato do PT ao governo do Estado, Rui Costa, participou hoje de inaugura\u00e7\u00e3o de obra com o governador Jaques Wagner, seu padrinho pol\u00edtico, e n\u00e3o desperdi\u00e7ou vantagem de ter consigo a &#8216;m\u00e1quina&#8217;, coisa que seus advers\u00e1rios n\u00e3o t\u00eam;\u00a0&#8220;Com a\u00e7\u00f5es estruturantes que v\u00e3o dar mobilidade ao desenvolvimento urbano, passando pela sa\u00fade e outras \u00e1reas, Wagner marcou seu nome na hist\u00f3ria da Bahia como o governador que mais investiu em Salvador&#8221;, disse Rui em discurso completamente fora do contexto do evento, que foi o de reinaugura\u00e7\u00e3o da antiga Ceasinha, agora chamada de Marcado do Rio Vermelho. Bahia 247<\/p>\n","protected":false},"excerpt":{"rendered":"<p>O pr\u00e9-candidato do PT ao governo do Estado, Rui Costa, participou hoje de inaugura\u00e7\u00e3o de obra com o governador Jaques Wagner, seu padrinho pol\u00edtico, e n\u00e3o desperdi\u00e7ou vantagem de ter consigo a &#8216;m\u00e1quina&#8217;, coisa que seus advers\u00e1rios n\u00e3o t\u00eam;\u00a0&#8220;Com a\u00e7\u00f5es estruturantes que v\u00e3o dar mobilidade ao desenvolvimento urbano, passando pela sa\u00fade e outras \u00e1reas, Wagner [&hellip;]<\/p>\n","protected":false},"author":2,"featured_media":0,"comment_status":"open","ping_status":"open","sticky":false,"template":"","format":"standard","meta":{"footnotes":"","_links_to":"","_links_to_target":""},"categories":[1],"tags":[],"class_list":["post-37720","post","type-post","status-publish","format-standard","hentry","category-geral"],"views":1424,"_links":{"self":[{"href":"https:\/\/www.sudoestehoje.com.br\/novoportal\/wp-json\/wp\/v2\/posts\/37720","targetHints":{"allow":["GET"]}}],"collection":[{"href":"https:\/\/www.sudoestehoje.com.br\/novoportal\/wp-json\/wp\/v2\/posts"}],"about":[{"href":"https:\/\/www.sudoestehoje.com.br\/novoportal\/wp-json\/wp\/v2\/types\/post"}],"author":[{"embeddable":true,"href":"https:\/\/www.sudoestehoje.com.br\/novoportal\/wp-json\/wp\/v2\/users\/2"}],"replies":[{"embeddable":true,"href":"https:\/\/www.sudoestehoje.com.br\/novoportal\/wp-json\/wp\/v2\/comments?post=37720"}],"version-history":[{"count":1,"href":"https:\/\/www.sudoestehoje.com.br\/novoportal\/wp-json\/wp\/v2\/posts\/37720\/revisions"}],"predecessor-version":[{"id":37722,"href":"https:\/\/www.sudoestehoje.com.br\/novoportal\/wp-json\/wp\/v2\/posts\/37720\/revisions\/37722"}],"wp:attachment":[{"href":"https:\/\/www.sudoestehoje.com.br\/novoportal\/wp-json\/wp\/v2\/media?parent=37720"}],"wp:term":[{"taxonomy":"category","embeddable":true,"href":"https:\/\/www.sudoestehoje.com.br\/novoportal\/wp-json\/wp\/v2\/categories?post=37720"},{"taxonomy":"post_tag","embeddable":true,"href":"https:\/\/www.sudoestehoje.com.br\/novoportal\/wp-json\/wp\/v2\/tags?post=37720"}],"curies":[{"name":"wp","href":"https:\/\/api.w.org\/{rel}","templated":true}]}}