
{"id":37710,"date":"2014-06-02T18:32:45","date_gmt":"2014-06-02T21:32:45","guid":{"rendered":"http:\/\/www.sudoestehoje.com.br\/novoportal\/?p=37710"},"modified":"2014-06-02T18:32:45","modified_gmt":"2014-06-02T21:32:45","slug":"prefeito-e-vice-de-santa-maria-da-vitoria-sao-cassados-pelo-tre","status":"publish","type":"post","link":"https:\/\/www.sudoestehoje.com.br\/novoportal\/2014\/06\/02\/prefeito-e-vice-de-santa-maria-da-vitoria-sao-cassados-pelo-tre\/","title":{"rendered":"PREFEITO E VICE DE SANTA MARIA DA VIT\u00d3RIA S\u00c3O CASSADOS PELO TRE"},"content":{"rendered":"<p style=\"text-align: center;\"><a href=\"http:\/\/www.sudoestehoje.com.br\/novoportal\/wp-content\/uploads\/2014\/06\/PREFEITO-CASSADO.jpg\"><img decoding=\"async\" class=\"aligncenter  wp-image-37711\" alt=\"PREFEITO CASSADO\" src=\"http:\/\/www.sudoestehoje.com.br\/novoportal\/wp-content\/uploads\/2014\/06\/PREFEITO-CASSADO.jpg\" width=\"450\" \/><\/a><\/p>\n<p>O mandato e os direitos pol\u00edticos do prefeito e do vice de Santa Maria da Vit\u00f3ria, no extremo-oeste do estado, foram cassados pelo Tribunal Regional Eleitoral (TRE) na manh\u00e3 desta segunda-feira (2). \u00a0De acordo com informa\u00e7\u00f5es da assessoria da Corte, Amario dos Santos Santana (PT) e Pl\u00ednio da Silva Leite Junior (PDT) foram condenados por abuso de poder pol\u00edtico. O juiz relator foi Josevando Andrade. A motiva\u00e7\u00e3o da decis\u00e3o, segundo comunicado do TRE, s\u00f3 poder\u00e1 ser divulgada ap\u00f3s at\u00e9 a assinatura do ac\u00f3rd\u00e3o. Poder\u00e1 assumir o comando da prefeitura o candidato que ficou em segundo lugar nas elei\u00e7\u00f5es de 2012, Prudente Jos\u00e9 de Moraes (PP).<\/p>\n","protected":false},"excerpt":{"rendered":"<p>O mandato e os direitos pol\u00edticos do prefeito e do vice de Santa Maria da Vit\u00f3ria, no extremo-oeste do estado, foram cassados pelo Tribunal Regional Eleitoral (TRE) na manh\u00e3 desta segunda-feira (2). \u00a0De acordo com informa\u00e7\u00f5es da assessoria da Corte, Amario dos Santos Santana (PT) e Pl\u00ednio da Silva Leite Junior (PDT) foram condenados por [&hellip;]<\/p>\n","protected":false},"author":2,"featured_media":0,"comment_status":"open","ping_status":"open","sticky":false,"template":"","format":"standard","meta":{"footnotes":"","_links_to":"","_links_to_target":""},"categories":[1],"tags":[],"class_list":["post-37710","post","type-post","status-publish","format-standard","hentry","category-geral"],"views":1332,"_links":{"self":[{"href":"https:\/\/www.sudoestehoje.com.br\/novoportal\/wp-json\/wp\/v2\/posts\/37710","targetHints":{"allow":["GET"]}}],"collection":[{"href":"https:\/\/www.sudoestehoje.com.br\/novoportal\/wp-json\/wp\/v2\/posts"}],"about":[{"href":"https:\/\/www.sudoestehoje.com.br\/novoportal\/wp-json\/wp\/v2\/types\/post"}],"author":[{"embeddable":true,"href":"https:\/\/www.sudoestehoje.com.br\/novoportal\/wp-json\/wp\/v2\/users\/2"}],"replies":[{"embeddable":true,"href":"https:\/\/www.sudoestehoje.com.br\/novoportal\/wp-json\/wp\/v2\/comments?post=37710"}],"version-history":[{"count":1,"href":"https:\/\/www.sudoestehoje.com.br\/novoportal\/wp-json\/wp\/v2\/posts\/37710\/revisions"}],"predecessor-version":[{"id":37712,"href":"https:\/\/www.sudoestehoje.com.br\/novoportal\/wp-json\/wp\/v2\/posts\/37710\/revisions\/37712"}],"wp:attachment":[{"href":"https:\/\/www.sudoestehoje.com.br\/novoportal\/wp-json\/wp\/v2\/media?parent=37710"}],"wp:term":[{"taxonomy":"category","embeddable":true,"href":"https:\/\/www.sudoestehoje.com.br\/novoportal\/wp-json\/wp\/v2\/categories?post=37710"},{"taxonomy":"post_tag","embeddable":true,"href":"https:\/\/www.sudoestehoje.com.br\/novoportal\/wp-json\/wp\/v2\/tags?post=37710"}],"curies":[{"name":"wp","href":"https:\/\/api.w.org\/{rel}","templated":true}]}}