
{"id":3771,"date":"2011-03-08T09:50:39","date_gmt":"2011-03-08T12:50:39","guid":{"rendered":"http:\/\/www.sudoestehoje.com.br\/novoportal\/?p=3771"},"modified":"2011-03-08T09:54:02","modified_gmt":"2011-03-08T12:54:02","slug":"carnaval-ameaca-de-bomba-para-o-campo-grande-e-parte-do-avenida-7","status":"publish","type":"post","link":"https:\/\/www.sudoestehoje.com.br\/novoportal\/2011\/03\/08\/carnaval-ameaca-de-bomba-para-o-campo-grande-e-parte-do-avenida-7\/","title":{"rendered":"CARNAVAL: AMEA\u00c7A DE BOMBA PARA O CAMPO GRANDE E PARTE DA AVENIDA 7"},"content":{"rendered":"<p style=\"text-align: center;\"><em>Fotos:\u00a0Raul Golinelli\u00a0\/ Ag\u00eancia Haack \/ BN<br \/>\n<strong><img loading=\"lazy\" decoding=\"async\" class=\"aligncenter\" src=\"http:\/\/www.bahianoticias.com.br\/fotos\/editor\/Image\/amea%C3%A7a%20de%20bomba%20campo%20grande.JPG\" alt=\"\" width=\"350\" height=\"232\" \/><\/strong><\/em><\/p>\n<p>Por volta de 0h30 da madrugada desta ter\u00e7a-feira (8), uma amea\u00e7a de bomba interrompeu o Carnaval no circuito Osmar (Campo Grande). A pol\u00edcia\u00a0isolou parte da Avenida Sete de Setembro, na altura da Pra\u00e7a da Piedade.\u00a0O Comando de Opera\u00e7\u00f5es Especiais (COE)\u00a0realizou uma opera\u00e7\u00e3o de busca na \u00e1rea. Quem chegava pr\u00f3ximo ao ponto isolado do circuito era o trio el\u00e9trico do bloco Il\u00ea Ay\u00ea, que foi obrigado a interromper seu desfile. BN<\/p>\n<p style=\"text-align: center;\"><strong><img loading=\"lazy\" decoding=\"async\" class=\"aligncenter\" src=\"http:\/\/www.bahianoticias.com.br\/fotos\/editor\/Image\/amea%C3%A7a%20de%20bomba%20campo%20grande2.JPG\" alt=\"\" width=\"350\" height=\"232\" \/><\/strong><\/p>\n","protected":false},"excerpt":{"rendered":"<p>Fotos:\u00a0Raul Golinelli\u00a0\/ Ag\u00eancia Haack \/ BN Por volta de 0h30 da madrugada desta ter\u00e7a-feira (8), uma amea\u00e7a de bomba interrompeu o Carnaval no circuito Osmar (Campo Grande). A pol\u00edcia\u00a0isolou parte da Avenida Sete de Setembro, na altura da Pra\u00e7a da Piedade.\u00a0O Comando de Opera\u00e7\u00f5es Especiais (COE)\u00a0realizou uma opera\u00e7\u00e3o de busca na \u00e1rea. Quem chegava pr\u00f3ximo [&hellip;]<\/p>\n","protected":false},"author":2,"featured_media":0,"comment_status":"open","ping_status":"open","sticky":false,"template":"","format":"standard","meta":{"footnotes":"","_links_to":"","_links_to_target":""},"categories":[1],"tags":[],"class_list":["post-3771","post","type-post","status-publish","format-standard","hentry","category-geral"],"views":1186,"_links":{"self":[{"href":"https:\/\/www.sudoestehoje.com.br\/novoportal\/wp-json\/wp\/v2\/posts\/3771","targetHints":{"allow":["GET"]}}],"collection":[{"href":"https:\/\/www.sudoestehoje.com.br\/novoportal\/wp-json\/wp\/v2\/posts"}],"about":[{"href":"https:\/\/www.sudoestehoje.com.br\/novoportal\/wp-json\/wp\/v2\/types\/post"}],"author":[{"embeddable":true,"href":"https:\/\/www.sudoestehoje.com.br\/novoportal\/wp-json\/wp\/v2\/users\/2"}],"replies":[{"embeddable":true,"href":"https:\/\/www.sudoestehoje.com.br\/novoportal\/wp-json\/wp\/v2\/comments?post=3771"}],"version-history":[{"count":5,"href":"https:\/\/www.sudoestehoje.com.br\/novoportal\/wp-json\/wp\/v2\/posts\/3771\/revisions"}],"predecessor-version":[{"id":3776,"href":"https:\/\/www.sudoestehoje.com.br\/novoportal\/wp-json\/wp\/v2\/posts\/3771\/revisions\/3776"}],"wp:attachment":[{"href":"https:\/\/www.sudoestehoje.com.br\/novoportal\/wp-json\/wp\/v2\/media?parent=3771"}],"wp:term":[{"taxonomy":"category","embeddable":true,"href":"https:\/\/www.sudoestehoje.com.br\/novoportal\/wp-json\/wp\/v2\/categories?post=3771"},{"taxonomy":"post_tag","embeddable":true,"href":"https:\/\/www.sudoestehoje.com.br\/novoportal\/wp-json\/wp\/v2\/tags?post=3771"}],"curies":[{"name":"wp","href":"https:\/\/api.w.org\/{rel}","templated":true}]}}