
{"id":37693,"date":"2014-06-01T22:14:50","date_gmt":"2014-06-02T01:14:50","guid":{"rendered":"http:\/\/www.sudoestehoje.com.br\/novoportal\/?p=37693"},"modified":"2014-06-01T22:14:34","modified_gmt":"2014-06-02T01:14:34","slug":"operarios-recebem-r140-para-irem-a-inauguracao-de-brt-com-dilma","status":"publish","type":"post","link":"https:\/\/www.sudoestehoje.com.br\/novoportal\/2014\/06\/01\/operarios-recebem-r140-para-irem-a-inauguracao-de-brt-com-dilma\/","title":{"rendered":"OPER\u00c1RIOS RECEBEM R$140 PARA IREM \u00c0 INAUGURA\u00c7\u00c3O DE BRT COM DILMA"},"content":{"rendered":"<p style=\"text-align: center;\"><a href=\"http:\/\/www.sudoestehoje.com.br\/novoportal\/wp-content\/uploads\/2014\/06\/BRT-CARIOCA.jpg\"><img decoding=\"async\" class=\"aligncenter  wp-image-37694\" alt=\"BRT CARIOCA\" src=\"http:\/\/www.sudoestehoje.com.br\/novoportal\/wp-content\/uploads\/2014\/06\/BRT-CARIOCA.jpg\" width=\"500\" \/><\/a><\/p>\n<p>Trabalhadores do corredor exclusivo de \u00f4nibus BRT Transcarioca, inaugurado pela presidente Dilma Rousseff no Rio de Janeiro, denunciaram ao jornal Folha de S. Paulo o pagamento de di\u00e1ria apenas para que comparecessem ao evento.<\/p>\n<p>Segundo os trabalhadores, al\u00e9m do valor de R$ 140, quantia com adicional de 50% de hora, por ser domingo, tamb\u00e9m foi oferecido caf\u00e9 da manh\u00e3 e almo\u00e7o. A despesa para os cerca de 150 funcion\u00e1rios teria ficado por conta das empreiteiras respons\u00e1veis pelo empreendimento, a Andrade Gutierrez, a Carioca e a OAS.<\/p>\n<p>Procurados pela reportagem, os representantes das empresas n\u00e3o foram localizados. Nenhum dos funcion\u00e1rios quis se identificar.<\/p>\n","protected":false},"excerpt":{"rendered":"<p>Trabalhadores do corredor exclusivo de \u00f4nibus BRT Transcarioca, inaugurado pela presidente Dilma Rousseff no Rio de Janeiro, denunciaram ao jornal Folha de S. Paulo o pagamento de di\u00e1ria apenas para que comparecessem ao evento. Segundo os trabalhadores, al\u00e9m do valor de R$ 140, quantia com adicional de 50% de hora, por ser domingo, tamb\u00e9m foi [&hellip;]<\/p>\n","protected":false},"author":2,"featured_media":0,"comment_status":"open","ping_status":"open","sticky":false,"template":"","format":"standard","meta":{"footnotes":"","_links_to":"","_links_to_target":""},"categories":[1],"tags":[],"class_list":["post-37693","post","type-post","status-publish","format-standard","hentry","category-geral"],"views":1498,"_links":{"self":[{"href":"https:\/\/www.sudoestehoje.com.br\/novoportal\/wp-json\/wp\/v2\/posts\/37693","targetHints":{"allow":["GET"]}}],"collection":[{"href":"https:\/\/www.sudoestehoje.com.br\/novoportal\/wp-json\/wp\/v2\/posts"}],"about":[{"href":"https:\/\/www.sudoestehoje.com.br\/novoportal\/wp-json\/wp\/v2\/types\/post"}],"author":[{"embeddable":true,"href":"https:\/\/www.sudoestehoje.com.br\/novoportal\/wp-json\/wp\/v2\/users\/2"}],"replies":[{"embeddable":true,"href":"https:\/\/www.sudoestehoje.com.br\/novoportal\/wp-json\/wp\/v2\/comments?post=37693"}],"version-history":[{"count":2,"href":"https:\/\/www.sudoestehoje.com.br\/novoportal\/wp-json\/wp\/v2\/posts\/37693\/revisions"}],"predecessor-version":[{"id":37696,"href":"https:\/\/www.sudoestehoje.com.br\/novoportal\/wp-json\/wp\/v2\/posts\/37693\/revisions\/37696"}],"wp:attachment":[{"href":"https:\/\/www.sudoestehoje.com.br\/novoportal\/wp-json\/wp\/v2\/media?parent=37693"}],"wp:term":[{"taxonomy":"category","embeddable":true,"href":"https:\/\/www.sudoestehoje.com.br\/novoportal\/wp-json\/wp\/v2\/categories?post=37693"},{"taxonomy":"post_tag","embeddable":true,"href":"https:\/\/www.sudoestehoje.com.br\/novoportal\/wp-json\/wp\/v2\/tags?post=37693"}],"curies":[{"name":"wp","href":"https:\/\/api.w.org\/{rel}","templated":true}]}}