
{"id":37669,"date":"2014-06-01T17:51:54","date_gmt":"2014-06-01T20:51:54","guid":{"rendered":"http:\/\/www.sudoestehoje.com.br\/novoportal\/?p=37669"},"modified":"2014-06-01T17:51:54","modified_gmt":"2014-06-01T20:51:54","slug":"homenagem-do-deputado-sandro-regis-ao-dia-da-imprensa","status":"publish","type":"post","link":"https:\/\/www.sudoestehoje.com.br\/novoportal\/2014\/06\/01\/homenagem-do-deputado-sandro-regis-ao-dia-da-imprensa\/","title":{"rendered":"HOMENAGEM DO DEPUTADO SANDRO R\u00c9GIS AO DIA DA IMPRENSA"},"content":{"rendered":"<p><a href=\"http:\/\/www.sudoestehoje.com.br\/novoportal\/wp-content\/uploads\/2014\/06\/IMPRENSA.jpg\"><img loading=\"lazy\" decoding=\"async\" class=\"aligncenter size-full wp-image-37670\" alt=\"IMPRENSA\" src=\"http:\/\/www.sudoestehoje.com.br\/novoportal\/wp-content\/uploads\/2014\/06\/IMPRENSA.jpg\" width=\"500\" height=\"500\" srcset=\"https:\/\/www.sudoestehoje.com.br\/novoportal\/wp-content\/uploads\/2014\/06\/IMPRENSA.jpg 500w, https:\/\/www.sudoestehoje.com.br\/novoportal\/wp-content\/uploads\/2014\/06\/IMPRENSA-150x150.jpg 150w\" sizes=\"auto, (max-width: 500px) 100vw, 500px\" \/><\/a><\/p>\n<p>&#8220;Parabenizo a todos os profissionais da imprensa por esta data especial, que marca o Dia Nacional da Imprensa. Fica aqui a minha homenagem \u00e0queles que lutam para defender os interesses da popula\u00e7\u00e3o, ajudando a construir uma na\u00e7\u00e3o calcada na liberdade e democracia.\u00a0<em>Sandro R\u00e9gis &#8211; Depurado Estadual (DEM)&#8221;<\/em><\/p>\n","protected":false},"excerpt":{"rendered":"<p>&#8220;Parabenizo a todos os profissionais da imprensa por esta data especial, que marca o Dia Nacional da Imprensa. Fica aqui a minha homenagem \u00e0queles que lutam para defender os interesses da popula\u00e7\u00e3o, ajudando a construir uma na\u00e7\u00e3o calcada na liberdade e democracia.\u00a0Sandro R\u00e9gis &#8211; Depurado Estadual (DEM)&#8221;<\/p>\n","protected":false},"author":2,"featured_media":0,"comment_status":"open","ping_status":"open","sticky":false,"template":"","format":"standard","meta":{"footnotes":"","_links_to":"","_links_to_target":""},"categories":[1],"tags":[],"class_list":["post-37669","post","type-post","status-publish","format-standard","hentry","category-geral"],"views":2825,"_links":{"self":[{"href":"https:\/\/www.sudoestehoje.com.br\/novoportal\/wp-json\/wp\/v2\/posts\/37669","targetHints":{"allow":["GET"]}}],"collection":[{"href":"https:\/\/www.sudoestehoje.com.br\/novoportal\/wp-json\/wp\/v2\/posts"}],"about":[{"href":"https:\/\/www.sudoestehoje.com.br\/novoportal\/wp-json\/wp\/v2\/types\/post"}],"author":[{"embeddable":true,"href":"https:\/\/www.sudoestehoje.com.br\/novoportal\/wp-json\/wp\/v2\/users\/2"}],"replies":[{"embeddable":true,"href":"https:\/\/www.sudoestehoje.com.br\/novoportal\/wp-json\/wp\/v2\/comments?post=37669"}],"version-history":[{"count":1,"href":"https:\/\/www.sudoestehoje.com.br\/novoportal\/wp-json\/wp\/v2\/posts\/37669\/revisions"}],"predecessor-version":[{"id":37671,"href":"https:\/\/www.sudoestehoje.com.br\/novoportal\/wp-json\/wp\/v2\/posts\/37669\/revisions\/37671"}],"wp:attachment":[{"href":"https:\/\/www.sudoestehoje.com.br\/novoportal\/wp-json\/wp\/v2\/media?parent=37669"}],"wp:term":[{"taxonomy":"category","embeddable":true,"href":"https:\/\/www.sudoestehoje.com.br\/novoportal\/wp-json\/wp\/v2\/categories?post=37669"},{"taxonomy":"post_tag","embeddable":true,"href":"https:\/\/www.sudoestehoje.com.br\/novoportal\/wp-json\/wp\/v2\/tags?post=37669"}],"curies":[{"name":"wp","href":"https:\/\/api.w.org\/{rel}","templated":true}]}}