
{"id":37654,"date":"2014-05-31T00:17:39","date_gmt":"2014-05-31T03:17:39","guid":{"rendered":"http:\/\/www.sudoestehoje.com.br\/novoportal\/?p=37654"},"modified":"2014-05-31T00:17:39","modified_gmt":"2014-05-31T03:17:39","slug":"quem-nao-sabe-rezar-xinga-deus","status":"publish","type":"post","link":"https:\/\/www.sudoestehoje.com.br\/novoportal\/2014\/05\/31\/quem-nao-sabe-rezar-xinga-deus\/","title":{"rendered":"QUEM N\u00c3O SABE REZAR, XINGA DEUS&#8230;"},"content":{"rendered":"<p>https:\/\/www.youtube.com\/watch?v=CFGxZZy8ghU<\/p>\n<p>Atrav\u00e9s de depoimento gravado em v\u00eddeo para ser utilizado na campanha do petista Rui Costa ao governo do estado, o prefeito de Itapetinga Jos\u00e9 Carlos Moura fez um desabafo, no qual reclama da depend\u00eancia crescente do munic\u00edpio em rela\u00e7\u00e3o a Vit\u00f3ria da Conquista, e a sua frustra\u00e7\u00e3o em rela\u00e7\u00e3o ao governador Jaques Wagner, que n\u00e3o atendeu aos seus &#8216;pedidos&#8217;, citando como exemplo o caso do IML, que n\u00e3o passou de uma promessa &#8216;furada&#8217; do governador.<\/p>\n<p>Gaguejando e com a voz tr\u00eamula, Z\u00e9 Carlos acabou revelando as fragilidades do governo petista e a sua falta de prest\u00edgio junto a Wagner, que n\u00e3o vem a Itapetinga nem amarrado. Se a inten\u00e7\u00e3o era ajudar, acabou prejudicando, pois o seu depoimento j\u00e1 est\u00e1 sendo usado pela oposi\u00e7\u00e3o, para detonar o governador.<\/p>\n<p>Como dizia minha av\u00f3, &#8220;quem n\u00e3o sabe rezar, xinga Deus&#8230;&#8221;<\/p>\n<p><strong><em>Por Davi Ferraz\u00a0<\/em><\/strong><\/p>\n","protected":false},"excerpt":{"rendered":"<p>https:\/\/www.youtube.com\/watch?v=CFGxZZy8ghU Atrav\u00e9s de depoimento gravado em v\u00eddeo para ser utilizado na campanha do petista Rui Costa ao governo do estado, o prefeito de Itapetinga Jos\u00e9 Carlos Moura fez um desabafo, no qual reclama da depend\u00eancia crescente do munic\u00edpio em rela\u00e7\u00e3o a Vit\u00f3ria da Conquista, e a sua frustra\u00e7\u00e3o em rela\u00e7\u00e3o ao governador Jaques Wagner, que [&hellip;]<\/p>\n","protected":false},"author":2,"featured_media":0,"comment_status":"open","ping_status":"open","sticky":false,"template":"","format":"standard","meta":{"footnotes":"","_links_to":"","_links_to_target":""},"categories":[1],"tags":[],"class_list":["post-37654","post","type-post","status-publish","format-standard","hentry","category-geral"],"views":1957,"_links":{"self":[{"href":"https:\/\/www.sudoestehoje.com.br\/novoportal\/wp-json\/wp\/v2\/posts\/37654","targetHints":{"allow":["GET"]}}],"collection":[{"href":"https:\/\/www.sudoestehoje.com.br\/novoportal\/wp-json\/wp\/v2\/posts"}],"about":[{"href":"https:\/\/www.sudoestehoje.com.br\/novoportal\/wp-json\/wp\/v2\/types\/post"}],"author":[{"embeddable":true,"href":"https:\/\/www.sudoestehoje.com.br\/novoportal\/wp-json\/wp\/v2\/users\/2"}],"replies":[{"embeddable":true,"href":"https:\/\/www.sudoestehoje.com.br\/novoportal\/wp-json\/wp\/v2\/comments?post=37654"}],"version-history":[{"count":2,"href":"https:\/\/www.sudoestehoje.com.br\/novoportal\/wp-json\/wp\/v2\/posts\/37654\/revisions"}],"predecessor-version":[{"id":37656,"href":"https:\/\/www.sudoestehoje.com.br\/novoportal\/wp-json\/wp\/v2\/posts\/37654\/revisions\/37656"}],"wp:attachment":[{"href":"https:\/\/www.sudoestehoje.com.br\/novoportal\/wp-json\/wp\/v2\/media?parent=37654"}],"wp:term":[{"taxonomy":"category","embeddable":true,"href":"https:\/\/www.sudoestehoje.com.br\/novoportal\/wp-json\/wp\/v2\/categories?post=37654"},{"taxonomy":"post_tag","embeddable":true,"href":"https:\/\/www.sudoestehoje.com.br\/novoportal\/wp-json\/wp\/v2\/tags?post=37654"}],"curies":[{"name":"wp","href":"https:\/\/api.w.org\/{rel}","templated":true}]}}