
{"id":37612,"date":"2014-05-30T22:28:35","date_gmt":"2014-05-31T01:28:35","guid":{"rendered":"http:\/\/www.sudoestehoje.com.br\/novoportal\/?p=37612"},"modified":"2014-05-30T22:30:44","modified_gmt":"2014-05-31T01:30:44","slug":"caatiba-prefeito-junior-mendes-firma-convenio-para-reforma-da-praca-cleriston-andrade","status":"publish","type":"post","link":"https:\/\/www.sudoestehoje.com.br\/novoportal\/2014\/05\/30\/caatiba-prefeito-junior-mendes-firma-convenio-para-reforma-da-praca-cleriston-andrade\/","title":{"rendered":"CAATIBA: PREFEITO JUNIOR MENDES FIRMA CONV\u00caNIO PARA REFORMA DA PRA\u00c7A CL\u00c9RISTON ANDRADE"},"content":{"rendered":"<p style=\"text-align: center;\"><a href=\"http:\/\/www.sudoestehoje.com.br\/novoportal\/wp-content\/uploads\/2014\/05\/jr-caat.jpg\"><img decoding=\"async\" class=\"aligncenter  wp-image-37613\" alt=\"jr caat\" src=\"http:\/\/www.sudoestehoje.com.br\/novoportal\/wp-content\/uploads\/2014\/05\/jr-caat-500x375.jpg\" width=\"450\" srcset=\"https:\/\/www.sudoestehoje.com.br\/novoportal\/wp-content\/uploads\/2014\/05\/jr-caat-500x375.jpg 500w, https:\/\/www.sudoestehoje.com.br\/novoportal\/wp-content\/uploads\/2014\/05\/jr-caat-700x525.jpg 700w, https:\/\/www.sudoestehoje.com.br\/novoportal\/wp-content\/uploads\/2014\/05\/jr-caat.jpg 960w\" sizes=\"(max-width: 500px) 100vw, 500px\" \/><\/a><\/p>\n<p>Na manh\u00e3 desta sexta-feira, 30, o prefeito Junior Mendes, assinou o conv\u00eanio para reforma total da Pra\u00e7a de eventos Cl\u00e9riston Andrade no munic\u00edpio de Caatiba. \u00a0O valor da obra est\u00e1 or\u00e7ado em R$ 300 mil reais ( Trezentos Mil Reais). \u00a0A pra\u00e7a ter\u00e1 um palco de 96 mt2, 02 (dois) camarins, sanit\u00e1rios masculino e feminino e acessibilidade, um sal\u00e3o com 450,00 mt2, uma parceria entre o Governo do Estado e Federal \u2013 CONDER \u2013 e a Prefeitura de Caatiba, onde estar\u00e1 proporcionando muito mais lazer, e\u00a0conforto\u00a0a toda comunidade e principalmente em seu novo visual.<\/p>\n<p>Segundo Arilton Rego, Engenheiro respons\u00e1vel pelo projeto,\u00a0\u201dA Pra\u00e7a contar\u00e1 com playground, mobili\u00e1rio urbano, rampa de acessibilidade, lixeiras de\u00a0coleta seletiva, \u00e1rea de conviv\u00eancia e paisagismo. \u201c<em>Esta\u00a0\u00e1rea de lazer, que ser\u00e1 constru\u00edda em um importante ponto festivo da cidade, ir\u00e1 enriquecer ainda mais a paisagem da avenida principal, atraindo mais turistas, como tamb\u00e9m, agradando aos moradores e visitantes e enriquecendo ainda mais o local e embelezando ainda mais a cidade.<\/em>\u201d, afirma, Arilton Rego.<\/p>\n<p>Para o prefeito Junior Mendes, ser\u00e1 uma realidade na sua gest\u00e3o, \u201cEstamos buscando a cada dia o melhor para o nosso munic\u00edpio. A busca de a\u00e7\u00f5es e obras \u00e9 constante. O povo pode confiar no nosso trabalho, at\u00e9 porque a comunidade de Caatiba, Zona Rural e o Distrito de S\u00e3o Jos\u00e9, nos elegeu para\u00a0trabalhar,\u00a0e \u00e9 isso que estamos fazendo. Aos poucos vamos colocando tudo em ordem. Juntos Podemos Mais\u201d, finalizou o prefeito.<\/p>\n<p><strong><em>Ascom &#8211; Gazinho<\/em><\/strong><\/p>\n","protected":false},"excerpt":{"rendered":"<p>Na manh\u00e3 desta sexta-feira, 30, o prefeito Junior Mendes, assinou o conv\u00eanio para reforma total da Pra\u00e7a de eventos Cl\u00e9riston Andrade no munic\u00edpio de Caatiba. \u00a0O valor da obra est\u00e1 or\u00e7ado em R$ 300 mil reais ( Trezentos Mil Reais). \u00a0A pra\u00e7a ter\u00e1 um palco de 96 mt2, 02 (dois) camarins, sanit\u00e1rios masculino e feminino [&hellip;]<\/p>\n","protected":false},"author":2,"featured_media":0,"comment_status":"open","ping_status":"open","sticky":false,"template":"","format":"standard","meta":{"footnotes":"","_links_to":"","_links_to_target":""},"categories":[1],"tags":[],"class_list":["post-37612","post","type-post","status-publish","format-standard","hentry","category-geral"],"views":2173,"_links":{"self":[{"href":"https:\/\/www.sudoestehoje.com.br\/novoportal\/wp-json\/wp\/v2\/posts\/37612","targetHints":{"allow":["GET"]}}],"collection":[{"href":"https:\/\/www.sudoestehoje.com.br\/novoportal\/wp-json\/wp\/v2\/posts"}],"about":[{"href":"https:\/\/www.sudoestehoje.com.br\/novoportal\/wp-json\/wp\/v2\/types\/post"}],"author":[{"embeddable":true,"href":"https:\/\/www.sudoestehoje.com.br\/novoportal\/wp-json\/wp\/v2\/users\/2"}],"replies":[{"embeddable":true,"href":"https:\/\/www.sudoestehoje.com.br\/novoportal\/wp-json\/wp\/v2\/comments?post=37612"}],"version-history":[{"count":2,"href":"https:\/\/www.sudoestehoje.com.br\/novoportal\/wp-json\/wp\/v2\/posts\/37612\/revisions"}],"predecessor-version":[{"id":37615,"href":"https:\/\/www.sudoestehoje.com.br\/novoportal\/wp-json\/wp\/v2\/posts\/37612\/revisions\/37615"}],"wp:attachment":[{"href":"https:\/\/www.sudoestehoje.com.br\/novoportal\/wp-json\/wp\/v2\/media?parent=37612"}],"wp:term":[{"taxonomy":"category","embeddable":true,"href":"https:\/\/www.sudoestehoje.com.br\/novoportal\/wp-json\/wp\/v2\/categories?post=37612"},{"taxonomy":"post_tag","embeddable":true,"href":"https:\/\/www.sudoestehoje.com.br\/novoportal\/wp-json\/wp\/v2\/tags?post=37612"}],"curies":[{"name":"wp","href":"https:\/\/api.w.org\/{rel}","templated":true}]}}