
{"id":37605,"date":"2014-05-30T19:04:32","date_gmt":"2014-05-30T22:04:32","guid":{"rendered":"http:\/\/www.sudoestehoje.com.br\/novoportal\/?p=37605"},"modified":"2014-05-30T19:04:32","modified_gmt":"2014-05-30T22:04:32","slug":"marco-prisco-tem-prisao-revogada-e-pode-ser-solto-nesta-sexta","status":"publish","type":"post","link":"https:\/\/www.sudoestehoje.com.br\/novoportal\/2014\/05\/30\/marco-prisco-tem-prisao-revogada-e-pode-ser-solto-nesta-sexta\/","title":{"rendered":"MARCO PRISCO TEM PRIS\u00c3O REVOGADA E PODE SER SOLTO NESTA SEXTA"},"content":{"rendered":"<p><a href=\"http:\/\/www.sudoestehoje.com.br\/novoportal\/wp-content\/uploads\/2014\/05\/PRISCO.jpg\"><img loading=\"lazy\" decoding=\"async\" class=\"aligncenter size-medium wp-image-37606\" alt=\"PRISCO\" src=\"http:\/\/www.sudoestehoje.com.br\/novoportal\/wp-content\/uploads\/2014\/05\/PRISCO-500x271.jpg\" width=\"500\" height=\"271\" srcset=\"https:\/\/www.sudoestehoje.com.br\/novoportal\/wp-content\/uploads\/2014\/05\/PRISCO-500x271.jpg 500w, https:\/\/www.sudoestehoje.com.br\/novoportal\/wp-content\/uploads\/2014\/05\/PRISCO.jpg 590w\" sizes=\"auto, (max-width: 500px) 100vw, 500px\" \/><\/a><\/p>\n<p>O advogado Vivaldo Amaral divulgou, na tarde desta sexta-feira (30), que vereador Marco Prisco, que liderou o movimento grevista da Pol\u00edcia Militar da Bahia, teve a pris\u00e3o revogada e deve deixar o pres\u00eddio ainda nesta sexta-feira (30).\u00a0A informa\u00e7\u00e3o ainda n\u00e3o foi confirmada pelo Supremo Tribunal Federal (STF). O julgamento do pedido de habeas corpus do vereador estava previsto para o \u00faltimo dia 20, mas foi a adiado a pedido dos advogados de Prisco.<\/p>\n<p>No m\u00eas passado, o ministro Ricardo Lewandowski rejeitou a liminar que pedia a liberta\u00e7\u00e3o de Prisco. O advogado da Aspra, F\u00e1bio Brito, informou ao Correio24horas que o vereador deve sair por volta das 20h desta sexta-feira. \u201cPrisco deve sair ainda esta noite. Estamos esperando o mandato de revoga\u00e7\u00e3o\u201d, disse. Leia mais no\u00a0<a href=\"http:\/\/www.correio24horas.com.br\/detalhe\/noticia\/marco-prisco-tem-prisao-revogada-diz-advogado\/?cHash=f02b8d26cf55b9133ade7bc19872c775\" target=\"_blank\">Correio 24 horas<\/a>.<\/p>\n","protected":false},"excerpt":{"rendered":"<p>O advogado Vivaldo Amaral divulgou, na tarde desta sexta-feira (30), que vereador Marco Prisco, que liderou o movimento grevista da Pol\u00edcia Militar da Bahia, teve a pris\u00e3o revogada e deve deixar o pres\u00eddio ainda nesta sexta-feira (30).\u00a0A informa\u00e7\u00e3o ainda n\u00e3o foi confirmada pelo Supremo Tribunal Federal (STF). O julgamento do pedido de habeas corpus do [&hellip;]<\/p>\n","protected":false},"author":2,"featured_media":0,"comment_status":"open","ping_status":"open","sticky":false,"template":"","format":"standard","meta":{"footnotes":"","_links_to":"","_links_to_target":""},"categories":[1],"tags":[],"class_list":["post-37605","post","type-post","status-publish","format-standard","hentry","category-geral"],"views":1257,"_links":{"self":[{"href":"https:\/\/www.sudoestehoje.com.br\/novoportal\/wp-json\/wp\/v2\/posts\/37605","targetHints":{"allow":["GET"]}}],"collection":[{"href":"https:\/\/www.sudoestehoje.com.br\/novoportal\/wp-json\/wp\/v2\/posts"}],"about":[{"href":"https:\/\/www.sudoestehoje.com.br\/novoportal\/wp-json\/wp\/v2\/types\/post"}],"author":[{"embeddable":true,"href":"https:\/\/www.sudoestehoje.com.br\/novoportal\/wp-json\/wp\/v2\/users\/2"}],"replies":[{"embeddable":true,"href":"https:\/\/www.sudoestehoje.com.br\/novoportal\/wp-json\/wp\/v2\/comments?post=37605"}],"version-history":[{"count":1,"href":"https:\/\/www.sudoestehoje.com.br\/novoportal\/wp-json\/wp\/v2\/posts\/37605\/revisions"}],"predecessor-version":[{"id":37607,"href":"https:\/\/www.sudoestehoje.com.br\/novoportal\/wp-json\/wp\/v2\/posts\/37605\/revisions\/37607"}],"wp:attachment":[{"href":"https:\/\/www.sudoestehoje.com.br\/novoportal\/wp-json\/wp\/v2\/media?parent=37605"}],"wp:term":[{"taxonomy":"category","embeddable":true,"href":"https:\/\/www.sudoestehoje.com.br\/novoportal\/wp-json\/wp\/v2\/categories?post=37605"},{"taxonomy":"post_tag","embeddable":true,"href":"https:\/\/www.sudoestehoje.com.br\/novoportal\/wp-json\/wp\/v2\/tags?post=37605"}],"curies":[{"name":"wp","href":"https:\/\/api.w.org\/{rel}","templated":true}]}}