
{"id":37601,"date":"2014-05-30T18:34:39","date_gmt":"2014-05-30T21:34:39","guid":{"rendered":"http:\/\/www.sudoestehoje.com.br\/novoportal\/?p=37601"},"modified":"2014-05-30T19:26:13","modified_gmt":"2014-05-30T22:26:13","slug":"morre-em-salvador-o-engenheiro-augusto-franklin-ferraz","status":"publish","type":"post","link":"https:\/\/www.sudoestehoje.com.br\/novoportal\/2014\/05\/30\/morre-em-salvador-o-engenheiro-augusto-franklin-ferraz\/","title":{"rendered":"MORRE EM SALVADOR O ENGENHEIRO AUGUSTO FRANKLIN FERRAZ"},"content":{"rendered":"<p><img decoding=\"async\" class=\"aligncenter\" alt=\"\" src=\"http:\/\/adustina.net\/wp-content\/uploads\/2013\/11\/NOTA-DE-FALECIMENTO-500x253.jpg\" \/><\/p>\n<p>Faleceu nesta sexta-feira (30) o engenheiro civil e estruturalista Augusto Franklin Santos Ferraz, muito conhecido em Vit\u00f3ria da Conquista. O fato foi lembrado pelo empres\u00e1rio Eraldo Gusm\u00e3o, por meio das redes sociais.<\/p>\n<p><em>\u201c\u00c9 com muito pesar e tristeza profunda no cora\u00e7\u00e3o, que venho em nome de toda a equipe da CRJ Engenharia, lamentar a partida do nosso grande mestre, nosso calculista Dr. Augusto Franklin, respons\u00e1vel pelo c\u00e1lculo estrutural de quase todas as nossas obras, um homem \u00edntegro, de uma compet\u00eancia invej\u00e1vel, sendo sem d\u00favidas nenhuma, um dos maiores Engenheiros calculista do Brasil. Obrigado por tudo grande mestre. Que Deus conforte toda a sua fam\u00edlia e amigos. Muito triste\u201d<\/em>, escreveu Eraldo.<\/p>\n<p>O corpo ser\u00e1 velado e sepultado na capital baiana. Augusto, que era itapetinguense, foi respons\u00e1vel por grandes obras em Conquista. Ele estava internado em um hospital de Salvador h\u00e1 10 dias.<\/p>\n<p>O Sudoeste Hoje lamenta a morte de Augusto, seu ass\u00edduo leitor e primo do editor deste Blog, manifestando aos familiares os seus sentimentos pela irrepar\u00e1vel perda.<\/p>\n<p><em><strong>Davi Ferraz<\/strong><\/em> (com informa\u00e7\u00f5es do Blog do Rodrigo Ferraz)<\/p>\n","protected":false},"excerpt":{"rendered":"<p>Faleceu nesta sexta-feira (30) o engenheiro civil e estruturalista Augusto Franklin Santos Ferraz, muito conhecido em Vit\u00f3ria da Conquista. O fato foi lembrado pelo empres\u00e1rio Eraldo Gusm\u00e3o, por meio das redes sociais. \u201c\u00c9 com muito pesar e tristeza profunda no cora\u00e7\u00e3o, que venho em nome de toda a equipe da CRJ Engenharia, lamentar a partida [&hellip;]<\/p>\n","protected":false},"author":2,"featured_media":0,"comment_status":"open","ping_status":"open","sticky":false,"template":"","format":"standard","meta":{"footnotes":"","_links_to":"","_links_to_target":""},"categories":[1],"tags":[],"class_list":["post-37601","post","type-post","status-publish","format-standard","hentry","category-geral"],"views":1892,"_links":{"self":[{"href":"https:\/\/www.sudoestehoje.com.br\/novoportal\/wp-json\/wp\/v2\/posts\/37601","targetHints":{"allow":["GET"]}}],"collection":[{"href":"https:\/\/www.sudoestehoje.com.br\/novoportal\/wp-json\/wp\/v2\/posts"}],"about":[{"href":"https:\/\/www.sudoestehoje.com.br\/novoportal\/wp-json\/wp\/v2\/types\/post"}],"author":[{"embeddable":true,"href":"https:\/\/www.sudoestehoje.com.br\/novoportal\/wp-json\/wp\/v2\/users\/2"}],"replies":[{"embeddable":true,"href":"https:\/\/www.sudoestehoje.com.br\/novoportal\/wp-json\/wp\/v2\/comments?post=37601"}],"version-history":[{"count":4,"href":"https:\/\/www.sudoestehoje.com.br\/novoportal\/wp-json\/wp\/v2\/posts\/37601\/revisions"}],"predecessor-version":[{"id":37608,"href":"https:\/\/www.sudoestehoje.com.br\/novoportal\/wp-json\/wp\/v2\/posts\/37601\/revisions\/37608"}],"wp:attachment":[{"href":"https:\/\/www.sudoestehoje.com.br\/novoportal\/wp-json\/wp\/v2\/media?parent=37601"}],"wp:term":[{"taxonomy":"category","embeddable":true,"href":"https:\/\/www.sudoestehoje.com.br\/novoportal\/wp-json\/wp\/v2\/categories?post=37601"},{"taxonomy":"post_tag","embeddable":true,"href":"https:\/\/www.sudoestehoje.com.br\/novoportal\/wp-json\/wp\/v2\/tags?post=37601"}],"curies":[{"name":"wp","href":"https:\/\/api.w.org\/{rel}","templated":true}]}}