
{"id":37596,"date":"2014-05-30T13:10:24","date_gmt":"2014-05-30T16:10:24","guid":{"rendered":"http:\/\/www.sudoestehoje.com.br\/novoportal\/?p=37596"},"modified":"2014-05-30T13:10:24","modified_gmt":"2014-05-30T16:10:24","slug":"secretario-do-governo-wagner-e-investigado-por-assedio-sexual","status":"publish","type":"post","link":"https:\/\/www.sudoestehoje.com.br\/novoportal\/2014\/05\/30\/secretario-do-governo-wagner-e-investigado-por-assedio-sexual\/","title":{"rendered":"SECRET\u00c1RIO DO GOVERNO WAGNER \u00c9 INVESTIGADO POR ASS\u00c9DIO SEXUAL"},"content":{"rendered":"<p><a href=\"http:\/\/www.sudoestehoje.com.br\/novoportal\/wp-content\/uploads\/2014\/05\/almiro.jpg\"><img loading=\"lazy\" decoding=\"async\" class=\"aligncenter size-medium wp-image-37597\" alt=\"almiro\" src=\"http:\/\/www.sudoestehoje.com.br\/novoportal\/wp-content\/uploads\/2014\/05\/almiro-500x267.jpg\" width=\"500\" height=\"267\" srcset=\"https:\/\/www.sudoestehoje.com.br\/novoportal\/wp-content\/uploads\/2014\/05\/almiro-500x267.jpg 500w, https:\/\/www.sudoestehoje.com.br\/novoportal\/wp-content\/uploads\/2014\/05\/almiro.jpg 630w\" sizes=\"auto, (max-width: 500px) 100vw, 500px\" \/><\/a><\/p>\n<p>A Procuradoria-Geral de Justi\u00e7a da Bahia instaurou no in\u00edcio da noite desta quinta-feira (29) a investiga\u00e7\u00e3o criminal contra o promotor de Justi\u00e7a\u00a0<strong>Almiro Sena<\/strong>, atual secret\u00e1rio da Justi\u00e7a, Cidadania e Direitos Humanos (SJCDH).<\/p>\n<p>A Corregedoria do Minist\u00e9rio P\u00fablico da Bahia (MP-BA) recebeu uma representa\u00e7\u00e3o contra o promotor na tarde da \u00faltima quarta-feira (28) de servidoras da pasta, que alegam ter sofrido ass\u00e9dio moral e sexual, informa o Bahia Not\u00edcias.<\/p>\n<p>A representa\u00e7\u00e3o foi encaminhada para a Procuradoria por se tratar de uma investiga\u00e7\u00e3o contra um agente p\u00fablico do Estado. O MP n\u00e3o divulgou o prazo para as investiga\u00e7\u00f5es.<\/p>\n","protected":false},"excerpt":{"rendered":"<p>A Procuradoria-Geral de Justi\u00e7a da Bahia instaurou no in\u00edcio da noite desta quinta-feira (29) a investiga\u00e7\u00e3o criminal contra o promotor de Justi\u00e7a\u00a0Almiro Sena, atual secret\u00e1rio da Justi\u00e7a, Cidadania e Direitos Humanos (SJCDH). A Corregedoria do Minist\u00e9rio P\u00fablico da Bahia (MP-BA) recebeu uma representa\u00e7\u00e3o contra o promotor na tarde da \u00faltima quarta-feira (28) de servidoras da [&hellip;]<\/p>\n","protected":false},"author":2,"featured_media":0,"comment_status":"open","ping_status":"open","sticky":false,"template":"","format":"standard","meta":{"footnotes":"","_links_to":"","_links_to_target":""},"categories":[1],"tags":[],"class_list":["post-37596","post","type-post","status-publish","format-standard","hentry","category-geral"],"views":1102,"_links":{"self":[{"href":"https:\/\/www.sudoestehoje.com.br\/novoportal\/wp-json\/wp\/v2\/posts\/37596","targetHints":{"allow":["GET"]}}],"collection":[{"href":"https:\/\/www.sudoestehoje.com.br\/novoportal\/wp-json\/wp\/v2\/posts"}],"about":[{"href":"https:\/\/www.sudoestehoje.com.br\/novoportal\/wp-json\/wp\/v2\/types\/post"}],"author":[{"embeddable":true,"href":"https:\/\/www.sudoestehoje.com.br\/novoportal\/wp-json\/wp\/v2\/users\/2"}],"replies":[{"embeddable":true,"href":"https:\/\/www.sudoestehoje.com.br\/novoportal\/wp-json\/wp\/v2\/comments?post=37596"}],"version-history":[{"count":1,"href":"https:\/\/www.sudoestehoje.com.br\/novoportal\/wp-json\/wp\/v2\/posts\/37596\/revisions"}],"predecessor-version":[{"id":37598,"href":"https:\/\/www.sudoestehoje.com.br\/novoportal\/wp-json\/wp\/v2\/posts\/37596\/revisions\/37598"}],"wp:attachment":[{"href":"https:\/\/www.sudoestehoje.com.br\/novoportal\/wp-json\/wp\/v2\/media?parent=37596"}],"wp:term":[{"taxonomy":"category","embeddable":true,"href":"https:\/\/www.sudoestehoje.com.br\/novoportal\/wp-json\/wp\/v2\/categories?post=37596"},{"taxonomy":"post_tag","embeddable":true,"href":"https:\/\/www.sudoestehoje.com.br\/novoportal\/wp-json\/wp\/v2\/tags?post=37596"}],"curies":[{"name":"wp","href":"https:\/\/api.w.org\/{rel}","templated":true}]}}