
{"id":37591,"date":"2014-05-29T21:59:50","date_gmt":"2014-05-30T00:59:50","guid":{"rendered":"http:\/\/www.sudoestehoje.com.br\/novoportal\/?p=37591"},"modified":"2014-05-29T22:23:55","modified_gmt":"2014-05-30T01:23:55","slug":"antonio-brito-participa-de-congressos-das-santas-casas-em-portugal","status":"publish","type":"post","link":"https:\/\/www.sudoestehoje.com.br\/novoportal\/2014\/05\/29\/antonio-brito-participa-de-congressos-das-santas-casas-em-portugal\/","title":{"rendered":"ANT\u00d4NIO BRITO PARTICIPA DE CONGRESSO DAS SANTAS CASAS EM PORTUGAL"},"content":{"rendered":"<div id=\"attachment_37592\" style=\"width: 510px\" class=\"wp-caption aligncenter\"><a href=\"http:\/\/www.sudoestehoje.com.br\/novoportal\/wp-content\/uploads\/2014\/05\/brito.jpg\"><img loading=\"lazy\" decoding=\"async\" aria-describedby=\"caption-attachment-37592\" class=\"size-medium wp-image-37592\" alt=\"Deputado Ant\u00f4nio Brito ao lado do primeiro ministro de Portugal, \" src=\"http:\/\/www.sudoestehoje.com.br\/novoportal\/wp-content\/uploads\/2014\/05\/brito-500x370.jpg\" width=\"500\" height=\"370\" srcset=\"https:\/\/www.sudoestehoje.com.br\/novoportal\/wp-content\/uploads\/2014\/05\/brito-500x370.jpg 500w, https:\/\/www.sudoestehoje.com.br\/novoportal\/wp-content\/uploads\/2014\/05\/brito.jpg 689w\" sizes=\"auto, (max-width: 500px) 100vw, 500px\" \/><\/a><p id=\"caption-attachment-37592\" class=\"wp-caption-text\">Deputado Ant\u00f4nio Brito (PTB) ao lado do primeiro ministro de Portugal, Passos Coelho.<\/p><\/div>\n<p>O Deputado Federal Ant\u00f4nio Brito (PTB), est\u00e1 participando em \u00c9vora, Portugal, do XI Congresso Portugu\u00eas das Santas Casas de Miseric\u00f3rdia, uma prepara\u00e7\u00e3o para o Congresso Mundial que acontecer\u00e1 em Salvador, de 23 a 25 de setembro de 2015.<\/p>\n<p>Ao lado do Primeiro Ministro Portugu\u00eas, Passos Coelho, Ant\u00f4nio Brito ministrou palestras de abertura do encontro que tem como tema \u201cEconomia Social \u2013 Desafios para o futuro\u201d. O Congresso tem como destaque o interc\u00e2mbio entre as Santas Casas de Portugal e do Brasil, conforme protocolo de coopera\u00e7\u00e3o assinado em novembro de 2013. O enfoque ser\u00e1 nos cuidados continuados e na valoriza\u00e7\u00e3o do profissional.<\/p>\n<p>Ontem houve reuni\u00e3o para debater o interc\u00e2mbio, com entidades portuguesas j\u00e1 manifestando interesse de se reunir com os pares no Brasil. A convite do deputado o Primeiro Pinistro Portugu\u00eas confirmou presen\u00e7a em Salvador no Congresso Mundial, no pr\u00f3ximo ano 2015. De acordo com Brito \u201cEle aceitou o convite, mas garantiu que antes visitar\u00e1 a capital baiana para assistir ao jogo Portugal x Alemanha, no pr\u00f3ximo dia 16 na Fonte Nova\u201d.<\/p>\n<p>O encontro em \u00c9vora re\u00faniu representantes de mais de 400 Santas Casas Portuguesas e delega\u00e7\u00f5es brasileiras de S\u00e3o Paulo, Rio de Janeiro, Minas Gerais, Rio Grande do Sul e Bahia. De Salvador, est\u00e3o Roberto S\u00e1 Menezes, provedor da Santa Casa de Miseric\u00f3rdia, e Maur\u00edcio Dias, presidente da Federa\u00e7\u00e3o das Santas Casas da Bahia.<\/p>\n","protected":false},"excerpt":{"rendered":"<p>O Deputado Federal Ant\u00f4nio Brito (PTB), est\u00e1 participando em \u00c9vora, Portugal, do XI Congresso Portugu\u00eas das Santas Casas de Miseric\u00f3rdia, uma prepara\u00e7\u00e3o para o Congresso Mundial que acontecer\u00e1 em Salvador, de 23 a 25 de setembro de 2015. Ao lado do Primeiro Ministro Portugu\u00eas, Passos Coelho, Ant\u00f4nio Brito ministrou palestras de abertura do encontro que [&hellip;]<\/p>\n","protected":false},"author":2,"featured_media":0,"comment_status":"open","ping_status":"open","sticky":false,"template":"","format":"standard","meta":{"footnotes":"","_links_to":"","_links_to_target":""},"categories":[1],"tags":[],"class_list":["post-37591","post","type-post","status-publish","format-standard","hentry","category-geral"],"views":1351,"_links":{"self":[{"href":"https:\/\/www.sudoestehoje.com.br\/novoportal\/wp-json\/wp\/v2\/posts\/37591","targetHints":{"allow":["GET"]}}],"collection":[{"href":"https:\/\/www.sudoestehoje.com.br\/novoportal\/wp-json\/wp\/v2\/posts"}],"about":[{"href":"https:\/\/www.sudoestehoje.com.br\/novoportal\/wp-json\/wp\/v2\/types\/post"}],"author":[{"embeddable":true,"href":"https:\/\/www.sudoestehoje.com.br\/novoportal\/wp-json\/wp\/v2\/users\/2"}],"replies":[{"embeddable":true,"href":"https:\/\/www.sudoestehoje.com.br\/novoportal\/wp-json\/wp\/v2\/comments?post=37591"}],"version-history":[{"count":3,"href":"https:\/\/www.sudoestehoje.com.br\/novoportal\/wp-json\/wp\/v2\/posts\/37591\/revisions"}],"predecessor-version":[{"id":37595,"href":"https:\/\/www.sudoestehoje.com.br\/novoportal\/wp-json\/wp\/v2\/posts\/37591\/revisions\/37595"}],"wp:attachment":[{"href":"https:\/\/www.sudoestehoje.com.br\/novoportal\/wp-json\/wp\/v2\/media?parent=37591"}],"wp:term":[{"taxonomy":"category","embeddable":true,"href":"https:\/\/www.sudoestehoje.com.br\/novoportal\/wp-json\/wp\/v2\/categories?post=37591"},{"taxonomy":"post_tag","embeddable":true,"href":"https:\/\/www.sudoestehoje.com.br\/novoportal\/wp-json\/wp\/v2\/tags?post=37591"}],"curies":[{"name":"wp","href":"https:\/\/api.w.org\/{rel}","templated":true}]}}