
{"id":37578,"date":"2014-05-29T16:18:55","date_gmt":"2014-05-29T19:18:55","guid":{"rendered":"http:\/\/www.sudoestehoje.com.br\/novoportal\/?p=37578"},"modified":"2014-05-29T16:21:20","modified_gmt":"2014-05-29T19:21:20","slug":"37578","status":"publish","type":"post","link":"https:\/\/www.sudoestehoje.com.br\/novoportal\/2014\/05\/29\/37578\/","title":{"rendered":"ITAPETINGA: SERVIDORES DA C\u00c2MARA TAMB\u00c9M PARALISAM ATIVIDADES"},"content":{"rendered":"<div id=\"attachment_37579\" style=\"width: 510px\" class=\"wp-caption aligncenter\"><a href=\"http:\/\/www.sudoestehoje.com.br\/novoportal\/wp-content\/uploads\/2014\/05\/camara-servidores.jpg\"><img loading=\"lazy\" decoding=\"async\" aria-describedby=\"caption-attachment-37579\" class=\"size-full wp-image-37579\" alt=\"Foto C\u00e9sar Soares\" src=\"http:\/\/www.sudoestehoje.com.br\/novoportal\/wp-content\/uploads\/2014\/05\/camara-servidores.jpg\" width=\"500\" height=\"375\" \/><\/a><p id=\"caption-attachment-37579\" class=\"wp-caption-text\">Fotos Tribuna<\/p><\/div>\n<p>Depois da articula\u00e7\u00e3o do &#8216;assessor especial&#8217; do prefeito Z\u00e9 Carlos, Romildo Teixeira, que resultou na retirada de pauta do projeto\u00a0de lei n\u00ba 011\/14, de autoria do vereador Marcos Gabrielli, que j\u00e1 havia sido aprovado por unanimidade na Sess\u00e3o Ordin\u00e1ria do dia 22 de maio, mas dependia da segunda vota\u00e7\u00e3o, os servidores do legislativo decidiram paralisar suas atividades nesta quinta-feira (29), em protesto contra a decis\u00e3o da mesa diretora da casa.<\/p>\n<p><img decoding=\"async\" class=\"aligncenter\" alt=\"\" src=\"http:\/\/tribunadeitapetinga.com.br\/media\/2014\/05\/20140529_083659.jpg\" \/><\/p>\n<p>O projeto do vereador Marcos Gabrielli \u00e9 do interesse dos servidores efetivos da C\u00e2mara Municipal de Itapetinga, e visa\u00a0alterar o Art. 2\u00b0 da Lei Municipal 1.177\/12, assegurando uma revis\u00e3o anual nos vencimentos desses servidores, mas foi retirado da pauta na sess\u00e3o de ontem, quando deveria ser votado em segundo turno, gerando tumulto na sess\u00e3o e a sa\u00edda do plen\u00e1rio dos vereadores\u00a0Marcos Gabrielli, Naara Duarte, Amaral J\u00fanior, Tarug\u00e3o, Fabiano Bahia, Renan Coelho, Alfredo Cabral e Jo\u00e3o de Deus, inviabilizando a sess\u00e3o.<\/p>\n<p>A paralisa\u00e7\u00e3o dos servidores do legislativo conta com o apoio do Sinditatiba, que fez manifesta\u00e7\u00e3o nesta quinta-feira, em frente \u00e0s C\u00e2mara Municipal.<\/p>\n<p><strong><em>Por Davi Ferraz<\/em><\/strong><\/p>\n","protected":false},"excerpt":{"rendered":"<p>Depois da articula\u00e7\u00e3o do &#8216;assessor especial&#8217; do prefeito Z\u00e9 Carlos, Romildo Teixeira, que resultou na retirada de pauta do projeto\u00a0de lei n\u00ba 011\/14, de autoria do vereador Marcos Gabrielli, que j\u00e1 havia sido aprovado por unanimidade na Sess\u00e3o Ordin\u00e1ria do dia 22 de maio, mas dependia da segunda vota\u00e7\u00e3o, os servidores do legislativo decidiram paralisar [&hellip;]<\/p>\n","protected":false},"author":2,"featured_media":0,"comment_status":"open","ping_status":"open","sticky":false,"template":"","format":"standard","meta":{"footnotes":"","_links_to":"","_links_to_target":""},"categories":[1],"tags":[],"class_list":["post-37578","post","type-post","status-publish","format-standard","hentry","category-geral"],"views":1407,"_links":{"self":[{"href":"https:\/\/www.sudoestehoje.com.br\/novoportal\/wp-json\/wp\/v2\/posts\/37578","targetHints":{"allow":["GET"]}}],"collection":[{"href":"https:\/\/www.sudoestehoje.com.br\/novoportal\/wp-json\/wp\/v2\/posts"}],"about":[{"href":"https:\/\/www.sudoestehoje.com.br\/novoportal\/wp-json\/wp\/v2\/types\/post"}],"author":[{"embeddable":true,"href":"https:\/\/www.sudoestehoje.com.br\/novoportal\/wp-json\/wp\/v2\/users\/2"}],"replies":[{"embeddable":true,"href":"https:\/\/www.sudoestehoje.com.br\/novoportal\/wp-json\/wp\/v2\/comments?post=37578"}],"version-history":[{"count":4,"href":"https:\/\/www.sudoestehoje.com.br\/novoportal\/wp-json\/wp\/v2\/posts\/37578\/revisions"}],"predecessor-version":[{"id":37583,"href":"https:\/\/www.sudoestehoje.com.br\/novoportal\/wp-json\/wp\/v2\/posts\/37578\/revisions\/37583"}],"wp:attachment":[{"href":"https:\/\/www.sudoestehoje.com.br\/novoportal\/wp-json\/wp\/v2\/media?parent=37578"}],"wp:term":[{"taxonomy":"category","embeddable":true,"href":"https:\/\/www.sudoestehoje.com.br\/novoportal\/wp-json\/wp\/v2\/categories?post=37578"},{"taxonomy":"post_tag","embeddable":true,"href":"https:\/\/www.sudoestehoje.com.br\/novoportal\/wp-json\/wp\/v2\/tags?post=37578"}],"curies":[{"name":"wp","href":"https:\/\/api.w.org\/{rel}","templated":true}]}}