
{"id":37558,"date":"2014-05-28T23:58:58","date_gmt":"2014-05-29T02:58:58","guid":{"rendered":"http:\/\/www.sudoestehoje.com.br\/novoportal\/?p=37558"},"modified":"2014-05-29T00:05:42","modified_gmt":"2014-05-29T03:05:42","slug":"vereador-marcao-diz-que-vai-se-afastar-do-governo-de-ze-carlos","status":"publish","type":"post","link":"https:\/\/www.sudoestehoje.com.br\/novoportal\/2014\/05\/28\/vereador-marcao-diz-que-vai-se-afastar-do-governo-de-ze-carlos\/","title":{"rendered":"VEREADOR MARC\u00c3O DIZ QUE VAI SE AFASTAR DO GOVERNO DE Z\u00c9 CARLOS"},"content":{"rendered":"<p style=\"text-align: center;\"><a href=\"http:\/\/www.sudoestehoje.com.br\/novoportal\/wp-content\/uploads\/2014\/05\/marcos-Gabriele-400x330.jpg\"><img decoding=\"async\" class=\"aligncenter  wp-image-37559\" alt=\"marcos-Gabriele-400x330\" src=\"http:\/\/www.sudoestehoje.com.br\/novoportal\/wp-content\/uploads\/2014\/05\/marcos-Gabriele-400x330.jpg\" width=\"450\" \/><\/a><\/p>\n<p>ITAPETINGA: Depois da entrevista mal sucedida do prefeito Z\u00e9 Carlos, declarando que sua prioridade em 2016 \u00e9 eleger o pedetista Romildo Teixeira para vereador, para quem rasgou elogios, a insatisfa\u00e7\u00e3o tomou conta da bancada governista, gerando rea\u00e7\u00e3o contra a prefer\u00eancia do prefeito.<\/p>\n<p>Para piorar a situa\u00e7\u00e3o, Z\u00e9 Carlos deu a Romildo a miss\u00e3o de articular a retirada de um projeto do vereador Marcos Gabrielli (PT), que j\u00e1 havia sido aprovado em primeira vota\u00e7\u00e3o, por unanimidade, o que revoltou Marc\u00e3o e os vereadores Alfredo Cabral, Renan Coelho, Naara Duarte e Tarug\u00e3o, que se retiraram da sess\u00e3o desta quarta-feira, determinando o seu encerramento por falta de quorum.<\/p>\n<p>Revoltado com a articula\u00e7\u00e3o do &#8216;assessor especial&#8217; Romildo Teixeira, o vereador Marc\u00e3o desabafou: <em>\u201cComo pode Romildo Teixeira mandar na prefeitura e aqui na C\u00e2mara? \u00c9 por isso que estou me afastando desse governo\u201d.\u00a0<\/em><\/p>\n<p>Marcos Gabrielli \u00e9 da ala antiga do PT e foi um dos respons\u00e1veis pela filia\u00e7\u00e3o do ex-PFL Z\u00e9 Carlos ao partido, mas n\u00e3o esconde o seu arrependimento a ningu\u00e9m.<\/p>\n<p>Motivos ele tem&#8230;<\/p>\n<p><strong><em>Por Davi Ferraz<\/em><\/strong><\/p>\n","protected":false},"excerpt":{"rendered":"<p>ITAPETINGA: Depois da entrevista mal sucedida do prefeito Z\u00e9 Carlos, declarando que sua prioridade em 2016 \u00e9 eleger o pedetista Romildo Teixeira para vereador, para quem rasgou elogios, a insatisfa\u00e7\u00e3o tomou conta da bancada governista, gerando rea\u00e7\u00e3o contra a prefer\u00eancia do prefeito. Para piorar a situa\u00e7\u00e3o, Z\u00e9 Carlos deu a Romildo a miss\u00e3o de articular [&hellip;]<\/p>\n","protected":false},"author":2,"featured_media":0,"comment_status":"open","ping_status":"open","sticky":false,"template":"","format":"standard","meta":{"footnotes":"","_links_to":"","_links_to_target":""},"categories":[1],"tags":[],"class_list":["post-37558","post","type-post","status-publish","format-standard","hentry","category-geral"],"views":1400,"_links":{"self":[{"href":"https:\/\/www.sudoestehoje.com.br\/novoportal\/wp-json\/wp\/v2\/posts\/37558","targetHints":{"allow":["GET"]}}],"collection":[{"href":"https:\/\/www.sudoestehoje.com.br\/novoportal\/wp-json\/wp\/v2\/posts"}],"about":[{"href":"https:\/\/www.sudoestehoje.com.br\/novoportal\/wp-json\/wp\/v2\/types\/post"}],"author":[{"embeddable":true,"href":"https:\/\/www.sudoestehoje.com.br\/novoportal\/wp-json\/wp\/v2\/users\/2"}],"replies":[{"embeddable":true,"href":"https:\/\/www.sudoestehoje.com.br\/novoportal\/wp-json\/wp\/v2\/comments?post=37558"}],"version-history":[{"count":2,"href":"https:\/\/www.sudoestehoje.com.br\/novoportal\/wp-json\/wp\/v2\/posts\/37558\/revisions"}],"predecessor-version":[{"id":37561,"href":"https:\/\/www.sudoestehoje.com.br\/novoportal\/wp-json\/wp\/v2\/posts\/37558\/revisions\/37561"}],"wp:attachment":[{"href":"https:\/\/www.sudoestehoje.com.br\/novoportal\/wp-json\/wp\/v2\/media?parent=37558"}],"wp:term":[{"taxonomy":"category","embeddable":true,"href":"https:\/\/www.sudoestehoje.com.br\/novoportal\/wp-json\/wp\/v2\/categories?post=37558"},{"taxonomy":"post_tag","embeddable":true,"href":"https:\/\/www.sudoestehoje.com.br\/novoportal\/wp-json\/wp\/v2\/tags?post=37558"}],"curies":[{"name":"wp","href":"https:\/\/api.w.org\/{rel}","templated":true}]}}