
{"id":37554,"date":"2014-05-28T17:18:39","date_gmt":"2014-05-28T20:18:39","guid":{"rendered":"http:\/\/www.sudoestehoje.com.br\/novoportal\/?p=37554"},"modified":"2014-05-28T17:18:39","modified_gmt":"2014-05-28T20:18:39","slug":"filho-de-prefeita-que-atropelou-dona-zizinha-pode-ser-solto","status":"publish","type":"post","link":"https:\/\/www.sudoestehoje.com.br\/novoportal\/2014\/05\/28\/filho-de-prefeita-que-atropelou-dona-zizinha-pode-ser-solto\/","title":{"rendered":"FILHO DE PREFEITA QUE ATROPELOU DONA ZIZINHA PODE SER SOLTO"},"content":{"rendered":"<p style=\"text-align: center;\"><a href=\"http:\/\/www.sudoestehoje.com.br\/novoportal\/wp-content\/uploads\/2014\/05\/valentin-1.jpg\"><img decoding=\"async\" class=\"wp-image-37555 alignleft\" alt=\"valentin 1\" src=\"http:\/\/www.sudoestehoje.com.br\/novoportal\/wp-content\/uploads\/2014\/05\/valentin-1.jpg\" width=\"300\" \/><\/a><\/p>\n<p><em><strong>A Tarde &#8211;\u00a0<\/strong><\/em>Ap\u00f3s passar a noite de segunda-feira, 26, detido no Departamento de Homic\u00eddio e Prote\u00e7\u00e3o \u00e0 Pessoa, no bairro da Pituba, o estudante de engenharia mec\u00e2nica Rodrigo Valentim, 22 anos, foi transferido para a carceragem da Pol\u00edcia Interestadual (Polinter), nos Barris.<br \/>\nFilho da prefeita de S\u00e3o Francisco do Conde, Rilza Valentim, ele \u00e9 suspeito de ter\u00a0<a href=\"http:\/\/atarde.uol.com.br\/materias\/1594229\">atropelado e matado, no \u00faltimo domingo, 25, na avenida Paulo VI,\u00a0<\/a>tamb\u00e9m na Pituba, a idosa Cleonice Barreto de Sousa, 67 anos.<\/p>\n<p>Conforme a banca de advogados do jovem, os representantes Sebastian Albuquerque e Marcelo Marambaia entraram, ontem \u00e0 noite, com o pedido de relaxamento da pris\u00e3o do estudante.<\/p>\n<p><strong>Pris\u00e3o<\/strong><\/p>\n<p>Policiais do Grupo de Apreens\u00e3o e Captura do Departamento de Homic\u00eddios e Prote\u00e7\u00e3o \u00e0 Pessoa (Grac\/DHPP) localizaram Rodrigo na tarde da \u00faltima segunda-feira, em casa, no bairro Pituba, h\u00e1 300 metros do local do crime.<\/p>\n<p>Populares informaram, pelo Disque Den\u00fancia, a placa do Hyundai i30 preto conduzido pelo estudante que fugiu sem prestar socorro \u00e0 v\u00edtima. Ele foi autuado em flagrante por homic\u00eddio qualificado.<\/p>\n","protected":false},"excerpt":{"rendered":"<p>A Tarde &#8211;\u00a0Ap\u00f3s passar a noite de segunda-feira, 26, detido no Departamento de Homic\u00eddio e Prote\u00e7\u00e3o \u00e0 Pessoa, no bairro da Pituba, o estudante de engenharia mec\u00e2nica Rodrigo Valentim, 22 anos, foi transferido para a carceragem da Pol\u00edcia Interestadual (Polinter), nos Barris. Filho da prefeita de S\u00e3o Francisco do Conde, Rilza Valentim, ele \u00e9 suspeito [&hellip;]<\/p>\n","protected":false},"author":2,"featured_media":0,"comment_status":"open","ping_status":"open","sticky":false,"template":"","format":"standard","meta":{"footnotes":"","_links_to":"","_links_to_target":""},"categories":[1],"tags":[],"class_list":["post-37554","post","type-post","status-publish","format-standard","hentry","category-geral"],"views":1219,"_links":{"self":[{"href":"https:\/\/www.sudoestehoje.com.br\/novoportal\/wp-json\/wp\/v2\/posts\/37554","targetHints":{"allow":["GET"]}}],"collection":[{"href":"https:\/\/www.sudoestehoje.com.br\/novoportal\/wp-json\/wp\/v2\/posts"}],"about":[{"href":"https:\/\/www.sudoestehoje.com.br\/novoportal\/wp-json\/wp\/v2\/types\/post"}],"author":[{"embeddable":true,"href":"https:\/\/www.sudoestehoje.com.br\/novoportal\/wp-json\/wp\/v2\/users\/2"}],"replies":[{"embeddable":true,"href":"https:\/\/www.sudoestehoje.com.br\/novoportal\/wp-json\/wp\/v2\/comments?post=37554"}],"version-history":[{"count":2,"href":"https:\/\/www.sudoestehoje.com.br\/novoportal\/wp-json\/wp\/v2\/posts\/37554\/revisions"}],"predecessor-version":[{"id":37557,"href":"https:\/\/www.sudoestehoje.com.br\/novoportal\/wp-json\/wp\/v2\/posts\/37554\/revisions\/37557"}],"wp:attachment":[{"href":"https:\/\/www.sudoestehoje.com.br\/novoportal\/wp-json\/wp\/v2\/media?parent=37554"}],"wp:term":[{"taxonomy":"category","embeddable":true,"href":"https:\/\/www.sudoestehoje.com.br\/novoportal\/wp-json\/wp\/v2\/categories?post=37554"},{"taxonomy":"post_tag","embeddable":true,"href":"https:\/\/www.sudoestehoje.com.br\/novoportal\/wp-json\/wp\/v2\/tags?post=37554"}],"curies":[{"name":"wp","href":"https:\/\/api.w.org\/{rel}","templated":true}]}}