
{"id":37545,"date":"2014-05-28T11:53:08","date_gmt":"2014-05-28T14:53:08","guid":{"rendered":"http:\/\/www.sudoestehoje.com.br\/novoportal\/?p=37545"},"modified":"2014-05-28T11:53:08","modified_gmt":"2014-05-28T14:53:08","slug":"petrolina-e-juazeiro-sao-destaque-em-reportagens-da-revista-veja","status":"publish","type":"post","link":"https:\/\/www.sudoestehoje.com.br\/novoportal\/2014\/05\/28\/petrolina-e-juazeiro-sao-destaque-em-reportagens-da-revista-veja\/","title":{"rendered":"PETROLINA E JUAZEIRO S\u00c3O DESTAQUE EM REPORTAGENS DA REVISTA VEJA"},"content":{"rendered":"<p><a href=\"http:\/\/www.sudoestehoje.com.br\/novoportal\/wp-content\/uploads\/2014\/05\/veja-petrolina.jpg\"><img loading=\"lazy\" decoding=\"async\" class=\"aligncenter size-medium wp-image-37546\" alt=\"veja petrolina\" src=\"http:\/\/www.sudoestehoje.com.br\/novoportal\/wp-content\/uploads\/2014\/05\/veja-petrolina-500x280.jpg\" width=\"500\" height=\"280\" srcset=\"https:\/\/www.sudoestehoje.com.br\/novoportal\/wp-content\/uploads\/2014\/05\/veja-petrolina-500x280.jpg 500w, https:\/\/www.sudoestehoje.com.br\/novoportal\/wp-content\/uploads\/2014\/05\/veja-petrolina.jpg 565w\" sizes=\"auto, (max-width: 500px) 100vw, 500px\" \/><\/a><\/p>\n<p>A Expedi\u00e7\u00e3o da Revista Veja, que iniciou no dia 06 de mar\u00e7o \u00faltimo e termina no pr\u00f3ximo dia 03 de junho, chegou a Petrolina nesta quinta-feira (27). O que trouxe a Expedi\u00e7\u00e3o Veja a Petrolina foi a situa\u00e7\u00e3o peculiar da cidade pernambucana: um dos maiores polos produtores de frutas do Brasil est\u00e1 aqui, em pleno sert\u00e3o nordestino. A regi\u00e3o n\u00e3o se destaca apenas pelo grande volume cultivado no solo desfavor\u00e1vel da caatinga. As frutas t\u00eam qualidade suficiente para serem vendidas aos exigentes mercados da Am\u00e9rica do Norte e a Europa. Em 2013, foram 150.000 toneladas enviadas para o exterior.<\/p>\n<p style=\"text-align: center;\"><img decoding=\"async\" class=\"aligncenter\" alt=\"\" src=\"https:\/\/scontent-b-mia.xx.fbcdn.net\/hphotos-xpf1\/t1.0-9\/10429363_539997402772103_4571668363149193382_n.jpg\" width=\"500\" \/><\/p>\n<div>\n<p>Os melhoramentos obtidos por meio do cruzamentos de esp\u00e9cies s\u00e3o essenciais para assegurar as vendas para pa\u00edses estrangeiros. Nesse mercado, \u00e9 preciso concorrer com pot\u00eancias como Estados Unidos e It\u00e1lia. A reportagem tamb\u00e9m destacou a trajet\u00f3ria dos produtores, que nem sempre foi vitoriosa. Hoje, a produ\u00e7\u00e3o de uvas sustenta at\u00e9 mesmo o setor tur\u00edstico da economia local. A organiza\u00e7\u00e3o de passeios pelas vin\u00edcolas da regi\u00e3o virou um neg\u00f3cio lucrativo. O crescimento acelerado costuma gerar problemas de urbaniza\u00e7\u00e3o e, por vezes, impede o controle sobre a viol\u00eancia. Mas os moradores de Petrolina ouvidos pela equipe da Expedi\u00e7\u00e3o Veja n\u00e3o se queixam nem de uma coisa, nem de outra.<\/p>\n<p><img decoding=\"async\" class=\"aligncenter\" alt=\"\" src=\"https:\/\/c2.staticflickr.com\/2\/1353\/5098108413_e4edc868fb_z.jpg\" width=\"500\" \/><\/p>\n<p>Log\u00edstica \u2013 Petrolina tamb\u00e9m tem voca\u00e7\u00e3o para a log\u00edstica. O rio S\u00e3o Francisco \u00e9 naveg\u00e1vel daqui at\u00e9 a Pirapora (MG). O aeroporto da cidade tem uma pista duas vezes mais longa do que o de Congonhas (SP), o que permite o pouso de cargueiros (um deles, ali\u00e1s, embarca semanalmente para Luxemburgo levando frutas da regi\u00e3o). A ferrovia Transnordestina, quando estiver pronta, tamb\u00e9m deve facilitar o trabalho de escoamento do que \u00e9 produzido aqui. E, como o S\u00e3o Francisco \u00e9 uma barreira natural, grande parte dos ve\u00edculos de carga converge para a ponte Presidente Dutra, que liga Petrolina a Juazeiro (BA). A popula\u00e7\u00e3o de Petrolina, que j\u00e1 cresce duas vezes mais r\u00e1pido o que a m\u00e9dia nacional, n\u00e3o deve parar de se multiplicar.<\/p>\n<p><img decoding=\"async\" class=\"aligncenter\" alt=\"\" src=\"http:\/\/1.bp.blogspot.com\/-15ovw1eZSJM\/TxAKoai6kGI\/AAAAAAAAAKc\/aVoD5wMZ4HE\/s1600\/Petrolina_05_Gilson_Pereira.jpg\" width=\"500\" \/><\/p>\n<p>A reportagem ainda visitou diversos pontos tur\u00edsticos da cidade, inclusive o Bod\u00f3dromo, onde fizeram uma videorreportagem, al\u00e9m de visitar planta\u00e7\u00f5es de uvas e f\u00e1bricas de vinho. O famosos Vapor do Vinho tamb\u00e9m est\u00e1 presente na reportagem.<\/p>\n<p>Mas eles tamb\u00e9m aproveitaram para dar uma passada por Juazeiro.<\/p>\n<p><img decoding=\"async\" class=\"aligncenter\" alt=\"\" src=\"https:\/\/fbcdn-sphotos-h-a.akamaihd.net\/hphotos-ak-xfp1\/t1.0-9\/10336613_539997486105428_4784010962793656949_n.jpg\" width=\"500\" \/><\/p>\n<p>Na cidade baiana, os rep\u00f3rteres fizeram v\u00e1rios registros fotogr\u00e1ficos e foram at\u00e9 a a Moscamed, onde, a cada semana, produz em laborat\u00f3rio e libera na natureza um milh\u00e3o de mosquitos OX513A, uma variedade de Aedes aegypti geneticamente modificada. A fun\u00e7\u00e3o desses insetos \u2013 todos machos \u2013 \u00e9 copular com as f\u00eameas que est\u00e3o na natureza de forma a transferir para os filhotes o gene mortal que cont\u00eam, e que impede que eles cheguem \u00e0 fase adulta.<\/p>\n<\/div>\n","protected":false},"excerpt":{"rendered":"<p>A Expedi\u00e7\u00e3o da Revista Veja, que iniciou no dia 06 de mar\u00e7o \u00faltimo e termina no pr\u00f3ximo dia 03 de junho, chegou a Petrolina nesta quinta-feira (27). O que trouxe a Expedi\u00e7\u00e3o Veja a Petrolina foi a situa\u00e7\u00e3o peculiar da cidade pernambucana: um dos maiores polos produtores de frutas do Brasil est\u00e1 aqui, em pleno [&hellip;]<\/p>\n","protected":false},"author":2,"featured_media":0,"comment_status":"open","ping_status":"open","sticky":false,"template":"","format":"standard","meta":{"footnotes":"","_links_to":"","_links_to_target":""},"categories":[1],"tags":[],"class_list":["post-37545","post","type-post","status-publish","format-standard","hentry","category-geral"],"views":5962,"_links":{"self":[{"href":"https:\/\/www.sudoestehoje.com.br\/novoportal\/wp-json\/wp\/v2\/posts\/37545","targetHints":{"allow":["GET"]}}],"collection":[{"href":"https:\/\/www.sudoestehoje.com.br\/novoportal\/wp-json\/wp\/v2\/posts"}],"about":[{"href":"https:\/\/www.sudoestehoje.com.br\/novoportal\/wp-json\/wp\/v2\/types\/post"}],"author":[{"embeddable":true,"href":"https:\/\/www.sudoestehoje.com.br\/novoportal\/wp-json\/wp\/v2\/users\/2"}],"replies":[{"embeddable":true,"href":"https:\/\/www.sudoestehoje.com.br\/novoportal\/wp-json\/wp\/v2\/comments?post=37545"}],"version-history":[{"count":3,"href":"https:\/\/www.sudoestehoje.com.br\/novoportal\/wp-json\/wp\/v2\/posts\/37545\/revisions"}],"predecessor-version":[{"id":37549,"href":"https:\/\/www.sudoestehoje.com.br\/novoportal\/wp-json\/wp\/v2\/posts\/37545\/revisions\/37549"}],"wp:attachment":[{"href":"https:\/\/www.sudoestehoje.com.br\/novoportal\/wp-json\/wp\/v2\/media?parent=37545"}],"wp:term":[{"taxonomy":"category","embeddable":true,"href":"https:\/\/www.sudoestehoje.com.br\/novoportal\/wp-json\/wp\/v2\/categories?post=37545"},{"taxonomy":"post_tag","embeddable":true,"href":"https:\/\/www.sudoestehoje.com.br\/novoportal\/wp-json\/wp\/v2\/tags?post=37545"}],"curies":[{"name":"wp","href":"https:\/\/api.w.org\/{rel}","templated":true}]}}