
{"id":37539,"date":"2014-05-28T11:16:24","date_gmt":"2014-05-28T14:16:24","guid":{"rendered":"http:\/\/www.sudoestehoje.com.br\/novoportal\/?p=37539"},"modified":"2014-05-28T11:16:24","modified_gmt":"2014-05-28T14:16:24","slug":"bahia-de-wagner-e-terror-e-bombardeio-diz-o-democrata-aleluia","status":"publish","type":"post","link":"https:\/\/www.sudoestehoje.com.br\/novoportal\/2014\/05\/28\/bahia-de-wagner-e-terror-e-bombardeio-diz-o-democrata-aleluia\/","title":{"rendered":"&#8220;BAHIA DE WAGNER \u00c9 TERROR E BOMBARDEIO&#8221;, DIZ O DEMOCRATA ALELUIA"},"content":{"rendered":"<div id=\"attachment_37540\" style=\"width: 510px\" class=\"wp-caption aligncenter\"><a href=\"http:\/\/www.sudoestehoje.com.br\/novoportal\/wp-content\/uploads\/2014\/05\/serra-do-ramalho.jpg\"><img loading=\"lazy\" decoding=\"async\" aria-describedby=\"caption-attachment-37540\" class=\"size-medium wp-image-37540\" alt=\"Banco explodido por bandidos no munic\u00edpio de serra do ramalho, nesta ter\u00e7a.\" src=\"http:\/\/www.sudoestehoje.com.br\/novoportal\/wp-content\/uploads\/2014\/05\/serra-do-ramalho-500x375.jpg\" width=\"500\" height=\"375\" srcset=\"https:\/\/www.sudoestehoje.com.br\/novoportal\/wp-content\/uploads\/2014\/05\/serra-do-ramalho-500x375.jpg 500w, https:\/\/www.sudoestehoje.com.br\/novoportal\/wp-content\/uploads\/2014\/05\/serra-do-ramalho-700x525.jpg 700w, https:\/\/www.sudoestehoje.com.br\/novoportal\/wp-content\/uploads\/2014\/05\/serra-do-ramalho.jpg 800w\" sizes=\"auto, (max-width: 500px) 100vw, 500px\" \/><\/a><p id=\"caption-attachment-37540\" class=\"wp-caption-text\">Banco do Brasil explodido por assaltantes no munic\u00edpio de Serra do Ramalho, nesta ter\u00e7a.<\/p><\/div>\n<p id=\"yui_3_16_0_1_1401285626073_7226\">\u201cTerror e bombardeio! Esta \u00e9 a Bahia de Jaques Wagner!\u201d, diz o presidente estadual do Democratas, Jos\u00e9 Carlos Aleluia, diante das explos\u00f5es de bancos nas cidades de Mundo Novo e Serra do Ramalho, na madrugada desta quarta-feira (28). \u201cEste ano, j\u00e1 s\u00e3o quase 100 a\u00e7\u00f5es criminosas deste tipo, aterrorizando as pessoas no interior do estado. \u00c9 uma explos\u00e3o de banco a cada dois dias\u201d.<\/p>\n<p id=\"yui_3_16_0_1_1401285626073_5641\">Al\u00e9m do terror e p\u00e2nico que os bandidos causam nas cidades, os cidad\u00e3os ficam sem os servi\u00e7os das ag\u00eancias de banco. \u201cH\u00e1 seis meses a \u00fanica ag\u00eancia banc\u00e1ria de V\u00e1rzea Nova foi assaltada e at\u00e9 hoje est\u00e1 fechada\u201d, lembra Aleluia. O l\u00edder democrata quer saber se os assessores do governador Jaques Wagner, que adoram fazer certos comparativos, est\u00e3o contabilizando esta marca in\u00e9dita de explos\u00f5es de bancos.<\/p>\n<div id=\"attachment_37541\" style=\"width: 510px\" class=\"wp-caption aligncenter\"><a href=\"http:\/\/www.sudoestehoje.com.br\/novoportal\/wp-content\/uploads\/2014\/05\/mundo-novo.jpg\"><img loading=\"lazy\" decoding=\"async\" aria-describedby=\"caption-attachment-37541\" class=\"size-medium wp-image-37541\" alt=\"Ag\u00eancia banc\u00e1ria em Mundo Novo ficou totalmente destru\u00edda durante assalto.\" src=\"http:\/\/www.sudoestehoje.com.br\/novoportal\/wp-content\/uploads\/2014\/05\/mundo-novo-500x280.jpg\" width=\"500\" height=\"280\" srcset=\"https:\/\/www.sudoestehoje.com.br\/novoportal\/wp-content\/uploads\/2014\/05\/mundo-novo-500x280.jpg 500w, https:\/\/www.sudoestehoje.com.br\/novoportal\/wp-content\/uploads\/2014\/05\/mundo-novo-700x392.jpg 700w, https:\/\/www.sudoestehoje.com.br\/novoportal\/wp-content\/uploads\/2014\/05\/mundo-novo.jpg 800w\" sizes=\"auto, (max-width: 500px) 100vw, 500px\" \/><\/a><p id=\"caption-attachment-37541\" class=\"wp-caption-text\">Ag\u00eancia banc\u00e1ria em Mundo Novo ficou totalmente destru\u00edda durante assalto hoje.<\/p><\/div>\n<p id=\"yui_3_16_0_1_1401285626073_5498\">\u201cOs petistas dizem que s\u00e3o mais em tudo. E realmente s\u00e3o mais em \u00edndices negativos que afetam diretamente a vida dos baianos, como mais homic\u00eddios, mais explos\u00f5es de bancos, mais caos na sa\u00fade p\u00fablica e mais desesperan\u00e7a. Mas o ju\u00edzo final das urnas est\u00e1 chegando\u201d, comenta Aleluia. Ascom<\/p>\n<p id=\"yui_3_16_0_1_1401285626073_5637\">\n","protected":false},"excerpt":{"rendered":"<p>\u201cTerror e bombardeio! Esta \u00e9 a Bahia de Jaques Wagner!\u201d, diz o presidente estadual do Democratas, Jos\u00e9 Carlos Aleluia, diante das explos\u00f5es de bancos nas cidades de Mundo Novo e Serra do Ramalho, na madrugada desta quarta-feira (28). \u201cEste ano, j\u00e1 s\u00e3o quase 100 a\u00e7\u00f5es criminosas deste tipo, aterrorizando as pessoas no interior do estado. [&hellip;]<\/p>\n","protected":false},"author":2,"featured_media":0,"comment_status":"open","ping_status":"open","sticky":false,"template":"","format":"standard","meta":{"footnotes":"","_links_to":"","_links_to_target":""},"categories":[1],"tags":[],"class_list":["post-37539","post","type-post","status-publish","format-standard","hentry","category-geral"],"views":1128,"_links":{"self":[{"href":"https:\/\/www.sudoestehoje.com.br\/novoportal\/wp-json\/wp\/v2\/posts\/37539","targetHints":{"allow":["GET"]}}],"collection":[{"href":"https:\/\/www.sudoestehoje.com.br\/novoportal\/wp-json\/wp\/v2\/posts"}],"about":[{"href":"https:\/\/www.sudoestehoje.com.br\/novoportal\/wp-json\/wp\/v2\/types\/post"}],"author":[{"embeddable":true,"href":"https:\/\/www.sudoestehoje.com.br\/novoportal\/wp-json\/wp\/v2\/users\/2"}],"replies":[{"embeddable":true,"href":"https:\/\/www.sudoestehoje.com.br\/novoportal\/wp-json\/wp\/v2\/comments?post=37539"}],"version-history":[{"count":3,"href":"https:\/\/www.sudoestehoje.com.br\/novoportal\/wp-json\/wp\/v2\/posts\/37539\/revisions"}],"predecessor-version":[{"id":37544,"href":"https:\/\/www.sudoestehoje.com.br\/novoportal\/wp-json\/wp\/v2\/posts\/37539\/revisions\/37544"}],"wp:attachment":[{"href":"https:\/\/www.sudoestehoje.com.br\/novoportal\/wp-json\/wp\/v2\/media?parent=37539"}],"wp:term":[{"taxonomy":"category","embeddable":true,"href":"https:\/\/www.sudoestehoje.com.br\/novoportal\/wp-json\/wp\/v2\/categories?post=37539"},{"taxonomy":"post_tag","embeddable":true,"href":"https:\/\/www.sudoestehoje.com.br\/novoportal\/wp-json\/wp\/v2\/tags?post=37539"}],"curies":[{"name":"wp","href":"https:\/\/api.w.org\/{rel}","templated":true}]}}