
{"id":37516,"date":"2014-05-27T22:30:03","date_gmt":"2014-05-28T01:30:03","guid":{"rendered":"http:\/\/www.sudoestehoje.com.br\/novoportal\/?p=37516"},"modified":"2014-05-28T01:02:40","modified_gmt":"2014-05-28T04:02:40","slug":"cena-de-faroeste-em-brasilia","status":"publish","type":"post","link":"https:\/\/www.sudoestehoje.com.br\/novoportal\/2014\/05\/27\/cena-de-faroeste-em-brasilia\/","title":{"rendered":"CENA DE FAROESTE EM BRASILIA"},"content":{"rendered":"<div id=\"attachment_37517\" style=\"width: 510px\" class=\"wp-caption aligncenter\"><a href=\"http:\/\/www.sudoestehoje.com.br\/novoportal\/wp-content\/uploads\/2014\/05\/INDIOS.jpg\"><img loading=\"lazy\" decoding=\"async\" aria-describedby=\"caption-attachment-37517\" class=\"size-medium wp-image-37517\" alt=\"\u00cdndio acerta flechada na perna de policial\" src=\"http:\/\/www.sudoestehoje.com.br\/novoportal\/wp-content\/uploads\/2014\/05\/INDIOS-500x281.jpg\" width=\"500\" height=\"281\" srcset=\"https:\/\/www.sudoestehoje.com.br\/novoportal\/wp-content\/uploads\/2014\/05\/INDIOS-500x281.jpg 500w, https:\/\/www.sudoestehoje.com.br\/novoportal\/wp-content\/uploads\/2014\/05\/INDIOS.jpg 597w\" sizes=\"auto, (max-width: 500px) 100vw, 500px\" \/><\/a><p id=\"caption-attachment-37517\" class=\"wp-caption-text\">\u00cdndio acerta flechada na perna de policial durante protesto contra a Copa em Brasilia.<\/p><\/div>\n<p><strong><em>Veja on Line<\/em><\/strong><\/p>\n<p>Um turista estrangeiro que desembarcou em Bras\u00edlia\u00a0e resolveu ver de perto a\u00a0ta\u00e7a oficial da Copa do Mundo, exposta no Est\u00e1dio Nacional nesta ter\u00e7a-feira, foi surpreendido com cenas de faroeste.<\/p>\n<p>\u00cdndios que realizavam um ato no Congresso Nacional pela demarca\u00e7\u00e3o de terras protegidas se juntaram a manifestantes que marchavam contra a realiza\u00e7\u00e3o da Copa e entraram em confronto com a Pol\u00edcia Militar do Distrito Federal.<\/p>\n<p>Durante a confus\u00e3o, imagens de emissoras de televis\u00e3o mostraram \u00edndios disparando flechas contra policiais a cavalo \u2013 a\u00a0assessoria da PM confirmou que um policial foi atingido na perna por uma flecha.<\/p>\n<p>Segundo a PM, um \u00edndio que disparou flechas contra policiais foi apreendido e permanecer\u00e1 retido na delegacia at\u00e9 que um funcion\u00e1rio da Funai assine um termo de responsabilidade para liber\u00e1-lo.<\/p>\n<p>CONFIRA AS FOTOS:<!--more--><\/p>\n<p><img decoding=\"async\" class=\"aligncenter\" alt=\"Policia usa bombas de g\u00e1s lacrimog\u00eanio contra \u00edndios que protestam pr\u00f3ximo ao est\u00e1dio Man\u00e9 Garrincha, em Bras\u00edlia \" src=\"http:\/\/veja1.abrilm.com.br\/assets\/images\/2014\/5\/224857\/brasil-protesto-indio-brasilia-20140527-13-size-598.JPG?1401230466\" width=\"500\" \/><\/p>\n<p><img decoding=\"async\" class=\"aligncenter\" alt=\"\u00cdndios entram em confronto com a Pol\u00edcia Militar ao tentarem se aproximar do Est\u00e1dio Nacional de Bras\u00edlia\" src=\"http:\/\/veja1.abrilm.com.br\/assets\/images\/2014\/5\/224860\/brasil-protesto-indio-brasilia-20140527-15-size-598.jpg?1401230828\" width=\"500\" \/><\/p>\n<p><img decoding=\"async\" class=\"aligncenter\" alt=\"Manifestante chuta uma bomba de g\u00e1s lacrimog\u00eanio lan\u00e7ada pela pol\u00edcia, durante protesto dos \u00edndios em Bras\u00edlia\" src=\"http:\/\/veja4.abrilm.com.br\/assets\/images\/2014\/5\/224861\/brasil-protesto-indio-brasilia-20140527-16-size-598.jpg?1401230700\" width=\"500\" \/><\/p>\n<p><img decoding=\"async\" class=\"aligncenter\" alt=\"\u00cdndios entram em confronto com a Pol\u00edcia Militar ao tentarem se aproximar do Est\u00e1dio Nacional de Bras\u00edlia\" src=\"http:\/\/veja4.abrilm.com.br\/assets\/images\/2014\/5\/224844\/brasil-protesto-indio-brasilia-20140527-11-size-598.jpg?1401227402\" width=\"500\" \/><\/p>\n<p><img decoding=\"async\" class=\"aligncenter\" alt=\"Ind\u00edgenas de diferentes grupos \u00e9tnicos protestam na sede do Congresso Nacional, em Bras\u00edlia. A manifesta\u00e7\u00e3o tem como objetivo chamar a aten\u00e7\u00e3o sobre a situa\u00e7\u00e3o da Amaz\u00f4nia\" src=\"http:\/\/veja0.abrilm.com.br\/assets\/images\/2014\/5\/224792\/imagens-do-dia-20140527-022-size-598.jpg?1401222645\" width=\"500\" \/><\/p>\n<p><img decoding=\"async\" class=\"aligncenter\" alt=\"\u00cdndios protestam em fente ao Congresso Nacional, em Bras\u00edlia\" src=\"http:\/\/veja3.abrilm.com.br\/assets\/images\/2014\/5\/224846\/brasil-protesto-indio-brasilia-20140527-12-size-598.jpg?1401227836\" width=\"500\" \/><\/p>\n","protected":false},"excerpt":{"rendered":"<p>Veja on Line Um turista estrangeiro que desembarcou em Bras\u00edlia\u00a0e resolveu ver de perto a\u00a0ta\u00e7a oficial da Copa do Mundo, exposta no Est\u00e1dio Nacional nesta ter\u00e7a-feira, foi surpreendido com cenas de faroeste. \u00cdndios que realizavam um ato no Congresso Nacional pela demarca\u00e7\u00e3o de terras protegidas se juntaram a manifestantes que marchavam contra a realiza\u00e7\u00e3o da [&hellip;]<\/p>\n","protected":false},"author":2,"featured_media":0,"comment_status":"open","ping_status":"open","sticky":false,"template":"","format":"standard","meta":{"footnotes":"","_links_to":"","_links_to_target":""},"categories":[1],"tags":[],"class_list":["post-37516","post","type-post","status-publish","format-standard","hentry","category-geral"],"views":2908,"_links":{"self":[{"href":"https:\/\/www.sudoestehoje.com.br\/novoportal\/wp-json\/wp\/v2\/posts\/37516","targetHints":{"allow":["GET"]}}],"collection":[{"href":"https:\/\/www.sudoestehoje.com.br\/novoportal\/wp-json\/wp\/v2\/posts"}],"about":[{"href":"https:\/\/www.sudoestehoje.com.br\/novoportal\/wp-json\/wp\/v2\/types\/post"}],"author":[{"embeddable":true,"href":"https:\/\/www.sudoestehoje.com.br\/novoportal\/wp-json\/wp\/v2\/users\/2"}],"replies":[{"embeddable":true,"href":"https:\/\/www.sudoestehoje.com.br\/novoportal\/wp-json\/wp\/v2\/comments?post=37516"}],"version-history":[{"count":7,"href":"https:\/\/www.sudoestehoje.com.br\/novoportal\/wp-json\/wp\/v2\/posts\/37516\/revisions"}],"predecessor-version":[{"id":37530,"href":"https:\/\/www.sudoestehoje.com.br\/novoportal\/wp-json\/wp\/v2\/posts\/37516\/revisions\/37530"}],"wp:attachment":[{"href":"https:\/\/www.sudoestehoje.com.br\/novoportal\/wp-json\/wp\/v2\/media?parent=37516"}],"wp:term":[{"taxonomy":"category","embeddable":true,"href":"https:\/\/www.sudoestehoje.com.br\/novoportal\/wp-json\/wp\/v2\/categories?post=37516"},{"taxonomy":"post_tag","embeddable":true,"href":"https:\/\/www.sudoestehoje.com.br\/novoportal\/wp-json\/wp\/v2\/tags?post=37516"}],"curies":[{"name":"wp","href":"https:\/\/api.w.org\/{rel}","templated":true}]}}