
{"id":37479,"date":"2014-05-27T11:07:06","date_gmt":"2014-05-27T14:07:06","guid":{"rendered":"http:\/\/www.sudoestehoje.com.br\/novoportal\/?p=37479"},"modified":"2014-05-27T11:07:06","modified_gmt":"2014-05-27T14:07:06","slug":"gestao-de-wagner-e-apenas-regular","status":"publish","type":"post","link":"https:\/\/www.sudoestehoje.com.br\/novoportal\/2014\/05\/27\/gestao-de-wagner-e-apenas-regular\/","title":{"rendered":"GEST\u00c3O DE WAGNER \u00c9 APENAS &#8220;REGULAR&#8221;"},"content":{"rendered":"<p style=\"text-align: center;\"><a href=\"http:\/\/www.sudoestehoje.com.br\/novoportal\/wp-content\/uploads\/2014\/05\/WAG.jpg\"><img decoding=\"async\" class=\"aligncenter  wp-image-37480\" alt=\"WAG\" src=\"http:\/\/www.sudoestehoje.com.br\/novoportal\/wp-content\/uploads\/2014\/05\/WAG.jpg\" width=\"400\" \/><\/a><\/p>\n<p>Al\u00e9m de apontar\u00a0<strong><a href=\"http:\/\/www.bahianoticias.com.br\/noticia\/154965-pesquisa-ibope-correio-aponta-souto-na-lideranca-para-governo-e-geddel-a-frente-no-senado.html\" target=\"_blank\">quem est\u00e1 na frente<\/a><\/strong>, na corrida pelo Pal\u00e1cio de Ondina, a pesquisa Ibope\/ Correio avaliou como regular a gest\u00e3o do governador Jaques Wagner (PT).<\/p>\n<p>De acordo com o Ibope, 6% dos eleitores consideraram a administra\u00e7\u00e3o \u00f3tima; 22% boa; 37% regular; 11% ruim e 18% p\u00e9ssima. N\u00e3o souberam, ou n\u00e3o responderam soma seis por cento.<\/p>\n<p>Para a maioria dos entrevistados, a \u00e1rea mais cr\u00edtica do governo petista \u00e9 a sa\u00fade (37%), seguida pela educa\u00e7\u00e3o (20%) e pela seguran\u00e7a (16%).<\/p>\n","protected":false},"excerpt":{"rendered":"<p>Al\u00e9m de apontar\u00a0quem est\u00e1 na frente, na corrida pelo Pal\u00e1cio de Ondina, a pesquisa Ibope\/ Correio avaliou como regular a gest\u00e3o do governador Jaques Wagner (PT). De acordo com o Ibope, 6% dos eleitores consideraram a administra\u00e7\u00e3o \u00f3tima; 22% boa; 37% regular; 11% ruim e 18% p\u00e9ssima. N\u00e3o souberam, ou n\u00e3o responderam soma seis por [&hellip;]<\/p>\n","protected":false},"author":2,"featured_media":0,"comment_status":"open","ping_status":"open","sticky":false,"template":"","format":"standard","meta":{"footnotes":"","_links_to":"","_links_to_target":""},"categories":[1],"tags":[],"class_list":["post-37479","post","type-post","status-publish","format-standard","hentry","category-geral"],"views":1117,"_links":{"self":[{"href":"https:\/\/www.sudoestehoje.com.br\/novoportal\/wp-json\/wp\/v2\/posts\/37479","targetHints":{"allow":["GET"]}}],"collection":[{"href":"https:\/\/www.sudoestehoje.com.br\/novoportal\/wp-json\/wp\/v2\/posts"}],"about":[{"href":"https:\/\/www.sudoestehoje.com.br\/novoportal\/wp-json\/wp\/v2\/types\/post"}],"author":[{"embeddable":true,"href":"https:\/\/www.sudoestehoje.com.br\/novoportal\/wp-json\/wp\/v2\/users\/2"}],"replies":[{"embeddable":true,"href":"https:\/\/www.sudoestehoje.com.br\/novoportal\/wp-json\/wp\/v2\/comments?post=37479"}],"version-history":[{"count":2,"href":"https:\/\/www.sudoestehoje.com.br\/novoportal\/wp-json\/wp\/v2\/posts\/37479\/revisions"}],"predecessor-version":[{"id":37482,"href":"https:\/\/www.sudoestehoje.com.br\/novoportal\/wp-json\/wp\/v2\/posts\/37479\/revisions\/37482"}],"wp:attachment":[{"href":"https:\/\/www.sudoestehoje.com.br\/novoportal\/wp-json\/wp\/v2\/media?parent=37479"}],"wp:term":[{"taxonomy":"category","embeddable":true,"href":"https:\/\/www.sudoestehoje.com.br\/novoportal\/wp-json\/wp\/v2\/categories?post=37479"},{"taxonomy":"post_tag","embeddable":true,"href":"https:\/\/www.sudoestehoje.com.br\/novoportal\/wp-json\/wp\/v2\/tags?post=37479"}],"curies":[{"name":"wp","href":"https:\/\/api.w.org\/{rel}","templated":true}]}}