
{"id":37460,"date":"2014-05-26T23:39:23","date_gmt":"2014-05-27T02:39:23","guid":{"rendered":"http:\/\/www.sudoestehoje.com.br\/novoportal\/?p=37460"},"modified":"2014-05-27T00:54:29","modified_gmt":"2014-05-27T03:54:29","slug":"pesquisa-ibope-sai-nesta-terca","status":"publish","type":"post","link":"https:\/\/www.sudoestehoje.com.br\/novoportal\/2014\/05\/26\/pesquisa-ibope-sai-nesta-terca\/","title":{"rendered":"PESQUISA IBOPE APONTA DIFEREN\u00c7A ESMAGADORA PR\u00d3 PAULO SOUTO"},"content":{"rendered":"<p><a href=\"http:\/\/www.sudoestehoje.com.br\/novoportal\/wp-content\/uploads\/2014\/05\/Paulo-L\u00eddice-e-Rui.jpg\"><img loading=\"lazy\" decoding=\"async\" class=\"aligncenter size-full wp-image-37461\" alt=\"Paulo-L\u00eddice-e-Rui\" src=\"http:\/\/www.sudoestehoje.com.br\/novoportal\/wp-content\/uploads\/2014\/05\/Paulo-L\u00eddice-e-Rui.jpg\" width=\"500\" height=\"288\" \/><\/a><\/p>\n<div>\n<p style=\"text-align: center;\">PAULO SOUTO &#8211; 42% \u00a0 L\u00cdDICE DA MATA &#8211; 11% \u00a0 RUI COSTA &#8211; 9%<\/p>\n<p>A pesquisa Ibope que vem por a\u00ed, a primeira registrada na atual temporada, ter\u00e1 efeito \u201cbomb\u00e1stico\u201d na cena pol\u00edtica.\u00a0De acordo com o colunista Levi Vasconcelos, a campanha, que \u00e9 quem define o processo, ainda n\u00e3o come\u00e7ou, mas, independente disso, os governistas n\u00e3o v\u00e3o gostar.\u00a0\u201cA diferen\u00e7a em favor de Paulo Souto (DEM), somando L\u00eddice da Mata (PSB) e Rui Costa (PT) \u00e9 esmagadora\u201d, diz o colunista. A divulga\u00e7\u00e3o \u00e9 aguardada para esta ter\u00e7a-feira (27).<\/p>\n<p>Circula a informa\u00e7\u00e3o nos bastidores pol\u00edticos de que, conforme o levantamento estimulado, quando \u00e9 oferecida a lista de postulantes ao eleitor, o democrata est\u00e1 com 42%, bem \u00e0 frente dos dois principais concorrentes: L\u00eddice da Mata (PSB) aparece com 11% e Rui Costa (PT) com 9%.<\/p>\n<p>Na disputa pelo Senado, o cen\u00e1rio tamb\u00e9m \u00e9 favor\u00e1vel \u00e0 oposi\u00e7\u00e3o: Geddel Vieira Lima (PMDB) surge com 34%, contra 14% de Otto Alencar (PSD) e 5% de Eliana Calmon (PSB). O Ibope ouviu 1.008 entrevistados entre 15 e 19 de maio. A margem de erro \u00e9 de tr\u00eas pontos porcentuais para mais ou para menos. A amostragem foi registrada no Tribunal Superior Eleitoral no \u00faltimo dia 22 sob o n\u00famero BA-00004\/2014.<\/p>\n<\/div>\n","protected":false},"excerpt":{"rendered":"<p>PAULO SOUTO &#8211; 42% \u00a0 L\u00cdDICE DA MATA &#8211; 11% \u00a0 RUI COSTA &#8211; 9% A pesquisa Ibope que vem por a\u00ed, a primeira registrada na atual temporada, ter\u00e1 efeito \u201cbomb\u00e1stico\u201d na cena pol\u00edtica.\u00a0De acordo com o colunista Levi Vasconcelos, a campanha, que \u00e9 quem define o processo, ainda n\u00e3o come\u00e7ou, mas, independente disso, os [&hellip;]<\/p>\n","protected":false},"author":2,"featured_media":0,"comment_status":"open","ping_status":"open","sticky":false,"template":"","format":"standard","meta":{"footnotes":"","_links_to":"","_links_to_target":""},"categories":[1],"tags":[],"class_list":["post-37460","post","type-post","status-publish","format-standard","hentry","category-geral"],"views":1305,"_links":{"self":[{"href":"https:\/\/www.sudoestehoje.com.br\/novoportal\/wp-json\/wp\/v2\/posts\/37460","targetHints":{"allow":["GET"]}}],"collection":[{"href":"https:\/\/www.sudoestehoje.com.br\/novoportal\/wp-json\/wp\/v2\/posts"}],"about":[{"href":"https:\/\/www.sudoestehoje.com.br\/novoportal\/wp-json\/wp\/v2\/types\/post"}],"author":[{"embeddable":true,"href":"https:\/\/www.sudoestehoje.com.br\/novoportal\/wp-json\/wp\/v2\/users\/2"}],"replies":[{"embeddable":true,"href":"https:\/\/www.sudoestehoje.com.br\/novoportal\/wp-json\/wp\/v2\/comments?post=37460"}],"version-history":[{"count":6,"href":"https:\/\/www.sudoestehoje.com.br\/novoportal\/wp-json\/wp\/v2\/posts\/37460\/revisions"}],"predecessor-version":[{"id":37469,"href":"https:\/\/www.sudoestehoje.com.br\/novoportal\/wp-json\/wp\/v2\/posts\/37460\/revisions\/37469"}],"wp:attachment":[{"href":"https:\/\/www.sudoestehoje.com.br\/novoportal\/wp-json\/wp\/v2\/media?parent=37460"}],"wp:term":[{"taxonomy":"category","embeddable":true,"href":"https:\/\/www.sudoestehoje.com.br\/novoportal\/wp-json\/wp\/v2\/categories?post=37460"},{"taxonomy":"post_tag","embeddable":true,"href":"https:\/\/www.sudoestehoje.com.br\/novoportal\/wp-json\/wp\/v2\/tags?post=37460"}],"curies":[{"name":"wp","href":"https:\/\/api.w.org\/{rel}","templated":true}]}}