
{"id":37454,"date":"2014-05-26T23:24:29","date_gmt":"2014-05-27T02:24:29","guid":{"rendered":"http:\/\/www.sudoestehoje.com.br\/novoportal\/?p=37454"},"modified":"2014-05-26T23:27:38","modified_gmt":"2014-05-27T02:27:38","slug":"plenaria-do-pt-em-brumado-foi-fraca","status":"publish","type":"post","link":"https:\/\/www.sudoestehoje.com.br\/novoportal\/2014\/05\/26\/plenaria-do-pt-em-brumado-foi-fraca\/","title":{"rendered":"PLEN\u00c1RIA DO PT EM BRUMADO FOI FRACA"},"content":{"rendered":"<p><a href=\"http:\/\/www.sudoestehoje.com.br\/novoportal\/wp-content\/uploads\/2014\/05\/pt-brumado.jpg\"><img loading=\"lazy\" decoding=\"async\" class=\"aligncenter size-medium wp-image-37456\" alt=\"pt brumado\" src=\"http:\/\/www.sudoestehoje.com.br\/novoportal\/wp-content\/uploads\/2014\/05\/pt-brumado-500x375.jpg\" width=\"500\" height=\"375\" srcset=\"https:\/\/www.sudoestehoje.com.br\/novoportal\/wp-content\/uploads\/2014\/05\/pt-brumado-500x375.jpg 500w, https:\/\/www.sudoestehoje.com.br\/novoportal\/wp-content\/uploads\/2014\/05\/pt-brumado-700x525.jpg 700w, https:\/\/www.sudoestehoje.com.br\/novoportal\/wp-content\/uploads\/2014\/05\/pt-brumado.jpg 800w\" sizes=\"auto, (max-width: 500px) 100vw, 500px\" \/><\/a><\/p>\n<p>BRUMADO: Depois do fiasco de Vit\u00f3ria da Conquista, onde a plen\u00e1ria do PT foi decepcionante devido ao n\u00famero reduzido de p\u00fablico, o fracasso se repetiu em Brumado, neste domingo (25), onde o governador Jaques Wagner n\u00e3o compareceu e a sua aus\u00eancia levou a alguns questionamentos quanto \u00e0 postura do governo em rela\u00e7\u00e3o \u00e0 cidade. <em>\u201cSer\u00e1 que as muitas cobran\u00e7as afastaram o governador da nossa cidade? De certo por estar devendo e n\u00e3o estar em reelei\u00e7\u00e3o, ele deve ter perdido o caminho para Brumado\u201d<\/em>, ironizou um militante presente \u00e0 Plen\u00e1ria.<\/p>\n<p>No evento, que contou com a participa\u00e7\u00e3o de grupos pol\u00edticos rivais, o que faltou mesmo foi a participa\u00e7\u00e3o popular, levando os membros da chapa governista \u00e0 irrita\u00e7\u00e3o. Rui Costa n\u00e3o soube responder aos questionamentos da imprensa em assuntos do interesse da regi\u00e3o, como a reativa\u00e7\u00e3o da Defensoria P\u00fablica no munic\u00edpio, enquanto Otto Alencar, candidato ao senado, passou a insultar os candidatos da oposi\u00e7\u00e3o, chamando-os de &#8220;cavalos paraguaios&#8221;, numa alus\u00e3o aos resultados da pesquisa do Ibope, que ser\u00e3o divulgados nesta ter\u00e7a.<\/p>\n<p>Pelo jeito, ele j\u00e1 sabe quem larga na frente&#8230;<\/p>\n<p><strong><em>Por Davi Ferraz<\/em><\/strong><\/p>\n","protected":false},"excerpt":{"rendered":"<p>BRUMADO: Depois do fiasco de Vit\u00f3ria da Conquista, onde a plen\u00e1ria do PT foi decepcionante devido ao n\u00famero reduzido de p\u00fablico, o fracasso se repetiu em Brumado, neste domingo (25), onde o governador Jaques Wagner n\u00e3o compareceu e a sua aus\u00eancia levou a alguns questionamentos quanto \u00e0 postura do governo em rela\u00e7\u00e3o \u00e0 cidade. \u201cSer\u00e1 [&hellip;]<\/p>\n","protected":false},"author":2,"featured_media":0,"comment_status":"open","ping_status":"open","sticky":false,"template":"","format":"standard","meta":{"footnotes":"","_links_to":"","_links_to_target":""},"categories":[1],"tags":[],"class_list":["post-37454","post","type-post","status-publish","format-standard","hentry","category-geral"],"views":1189,"_links":{"self":[{"href":"https:\/\/www.sudoestehoje.com.br\/novoportal\/wp-json\/wp\/v2\/posts\/37454","targetHints":{"allow":["GET"]}}],"collection":[{"href":"https:\/\/www.sudoestehoje.com.br\/novoportal\/wp-json\/wp\/v2\/posts"}],"about":[{"href":"https:\/\/www.sudoestehoje.com.br\/novoportal\/wp-json\/wp\/v2\/types\/post"}],"author":[{"embeddable":true,"href":"https:\/\/www.sudoestehoje.com.br\/novoportal\/wp-json\/wp\/v2\/users\/2"}],"replies":[{"embeddable":true,"href":"https:\/\/www.sudoestehoje.com.br\/novoportal\/wp-json\/wp\/v2\/comments?post=37454"}],"version-history":[{"count":4,"href":"https:\/\/www.sudoestehoje.com.br\/novoportal\/wp-json\/wp\/v2\/posts\/37454\/revisions"}],"predecessor-version":[{"id":37459,"href":"https:\/\/www.sudoestehoje.com.br\/novoportal\/wp-json\/wp\/v2\/posts\/37454\/revisions\/37459"}],"wp:attachment":[{"href":"https:\/\/www.sudoestehoje.com.br\/novoportal\/wp-json\/wp\/v2\/media?parent=37454"}],"wp:term":[{"taxonomy":"category","embeddable":true,"href":"https:\/\/www.sudoestehoje.com.br\/novoportal\/wp-json\/wp\/v2\/categories?post=37454"},{"taxonomy":"post_tag","embeddable":true,"href":"https:\/\/www.sudoestehoje.com.br\/novoportal\/wp-json\/wp\/v2\/tags?post=37454"}],"curies":[{"name":"wp","href":"https:\/\/api.w.org\/{rel}","templated":true}]}}