
{"id":37449,"date":"2014-05-26T08:54:39","date_gmt":"2014-05-26T11:54:39","guid":{"rendered":"http:\/\/www.sudoestehoje.com.br\/novoportal\/?p=37449"},"modified":"2014-05-26T08:58:24","modified_gmt":"2014-05-26T11:58:24","slug":"prefeito-junior-mendes-de-caatiba-prestigia-inauguracao-da-ba-270","status":"publish","type":"post","link":"https:\/\/www.sudoestehoje.com.br\/novoportal\/2014\/05\/26\/prefeito-junior-mendes-de-caatiba-prestigia-inauguracao-da-ba-270\/","title":{"rendered":"PREFEITO JUNIOR MENDES DE CAATIBA PRESTIGIA INAUGURA\u00c7\u00c3O DA BA-270"},"content":{"rendered":"<p><img decoding=\"async\" class=\"aligncenter\" alt=\"\" src=\"https:\/\/fbcdn-sphotos-h-a.akamaihd.net\/hphotos-ak-prn2\/v\/t34.0-12\/10409930_625520834201520_1874951822_n.jpg?oh=6f8fb006d2caf7384e2af4f1cc78b870&amp;oe=53850E76&amp;__gda__=1401212467_f08c1234cd23a77504520c8528251439\" width=\"500\" \/><\/p>\n<p>O prefeito Junior Mendes, acompanhado do vereador Ronaldo ( Guiu), da primeira dama e secret\u00e1ria de Sa\u00fade, Kelly Grayce e Alan Franklin, esteve, na manh\u00e3 desta sexta-feira (23), prestigiando a visita do governador da Bahia Jaques Wagner, do vice Otto Alencar, secret\u00e1rio de Infraestrutura, Marcus Cavalcanti e do Deputado Federal e pr\u00e9-candidato ao governo do estado, Ruy Costa, na inaugura\u00e7\u00e3o do trecho da BA 270, que liga os munic\u00edpios de Itarantim e Potiragu\u00e1.<\/p>\n<p><img decoding=\"async\" class=\"aligncenter\" alt=\"\" src=\"https:\/\/fbcdn-sphotos-h-a.akamaihd.net\/hphotos-ak-prn2\/v\/t35.0-12\/10412099_625520910868179_222317968_o.jpg?oh=41e47ae0f11a70a088c5d5b021cb045b&amp;oe=53849446&amp;__gda__=1401201456_9b53a86a02467a1377e6b6da21f12756\" width=\"500\" \/><\/p>\n<p>Durante o evento, Junior Mendes fez importantes contatos com o governador Jaques Wagner, o vice Otto Alencar e o pr\u00e9-candidato Rui Costa, tratando de assuntos do interesse do seu munic\u00edpio e da regi\u00e3o, cujos pleitos ser\u00e3o analisados pelo governo, com fortes chances de serem atendidos.<\/p>\n<p><img decoding=\"async\" class=\"aligncenter\" alt=\"\" src=\"https:\/\/fbcdn-sphotos-h-a.akamaihd.net\/hphotos-ak-prn2\/v\/t35.0-12\/10412077_625520957534841_936489208_o.jpg?oh=27130234bcc83a20b25dc922ce43b69e&amp;oe=5384F4D3&amp;__gda__=1401213925_8f67ec0611c40ed40275af146af8824e\" width=\"500\" \/><\/p>\n<p><img decoding=\"async\" class=\"aligncenter\" alt=\"\" src=\"https:\/\/fbcdn-sphotos-h-a.akamaihd.net\/hphotos-ak-prn1\/v\/t35.0-12\/10388867_625520870868183_1387347503_o.jpg?oh=51fd7fdc69f83f1ea92b7f626997c7eb&amp;oe=5384D942&amp;__gda__=1401230365_9f4e5ea6986f42abf9261f2e87d6d00b\" width=\"500\" \/><\/p>\n<p><strong><em>Ascom &#8211; Gazinho<\/em><\/strong><\/p>\n","protected":false},"excerpt":{"rendered":"<p>O prefeito Junior Mendes, acompanhado do vereador Ronaldo ( Guiu), da primeira dama e secret\u00e1ria de Sa\u00fade, Kelly Grayce e Alan Franklin, esteve, na manh\u00e3 desta sexta-feira (23), prestigiando a visita do governador da Bahia Jaques Wagner, do vice Otto Alencar, secret\u00e1rio de Infraestrutura, Marcus Cavalcanti e do Deputado Federal e pr\u00e9-candidato ao governo do [&hellip;]<\/p>\n","protected":false},"author":2,"featured_media":0,"comment_status":"open","ping_status":"open","sticky":false,"template":"","format":"standard","meta":{"footnotes":"","_links_to":"","_links_to_target":""},"categories":[1],"tags":[],"class_list":["post-37449","post","type-post","status-publish","format-standard","hentry","category-geral"],"views":1375,"_links":{"self":[{"href":"https:\/\/www.sudoestehoje.com.br\/novoportal\/wp-json\/wp\/v2\/posts\/37449","targetHints":{"allow":["GET"]}}],"collection":[{"href":"https:\/\/www.sudoestehoje.com.br\/novoportal\/wp-json\/wp\/v2\/posts"}],"about":[{"href":"https:\/\/www.sudoestehoje.com.br\/novoportal\/wp-json\/wp\/v2\/types\/post"}],"author":[{"embeddable":true,"href":"https:\/\/www.sudoestehoje.com.br\/novoportal\/wp-json\/wp\/v2\/users\/2"}],"replies":[{"embeddable":true,"href":"https:\/\/www.sudoestehoje.com.br\/novoportal\/wp-json\/wp\/v2\/comments?post=37449"}],"version-history":[{"count":4,"href":"https:\/\/www.sudoestehoje.com.br\/novoportal\/wp-json\/wp\/v2\/posts\/37449\/revisions"}],"predecessor-version":[{"id":37453,"href":"https:\/\/www.sudoestehoje.com.br\/novoportal\/wp-json\/wp\/v2\/posts\/37449\/revisions\/37453"}],"wp:attachment":[{"href":"https:\/\/www.sudoestehoje.com.br\/novoportal\/wp-json\/wp\/v2\/media?parent=37449"}],"wp:term":[{"taxonomy":"category","embeddable":true,"href":"https:\/\/www.sudoestehoje.com.br\/novoportal\/wp-json\/wp\/v2\/categories?post=37449"},{"taxonomy":"post_tag","embeddable":true,"href":"https:\/\/www.sudoestehoje.com.br\/novoportal\/wp-json\/wp\/v2\/tags?post=37449"}],"curies":[{"name":"wp","href":"https:\/\/api.w.org\/{rel}","templated":true}]}}