
{"id":37443,"date":"2014-05-25T21:24:21","date_gmt":"2014-05-26T00:24:21","guid":{"rendered":"http:\/\/www.sudoestehoje.com.br\/novoportal\/?p=37443"},"modified":"2014-05-25T21:28:21","modified_gmt":"2014-05-26T00:28:21","slug":"morre-em-itapetinga-o-pecuarista-e-empresario-sinval-nunes","status":"publish","type":"post","link":"https:\/\/www.sudoestehoje.com.br\/novoportal\/2014\/05\/25\/morre-em-itapetinga-o-pecuarista-e-empresario-sinval-nunes\/","title":{"rendered":"MORRE EM ITAPETINGA O PECUARISTA E EMPRES\u00c1RIO SINVAL NUNES"},"content":{"rendered":"<p style=\"text-align: center;\"><a href=\"http:\/\/www.sudoestehoje.com.br\/novoportal\/wp-content\/uploads\/2014\/05\/sinval-nunes.jpg\"><img decoding=\"async\" class=\"aligncenter  wp-image-37444\" alt=\"sinval nunes\" src=\"http:\/\/www.sudoestehoje.com.br\/novoportal\/wp-content\/uploads\/2014\/05\/sinval-nunes.jpg\" width=\"300\" \/><\/a><\/p>\n<p>Faleceu, na noite deste domingo, em sua resid\u00eancia na Avenida das Palmeiras, aos 87 anos, o pecuarista e empres\u00e1rio Sinval Nunes da Silva, um dos pioneiros no processo de constru\u00e7\u00e3o e desenvolvimento de Itapetinga. Sinval, que havia sido internado na Policl\u00ednica para tratamento de uma infec\u00e7\u00e3o pulmonar, recebeu alta na manh\u00e3 deste domingo e foi levado para a sua resid\u00eancia, mas por volta das 19h, sentiu mal e acabou falecendo repentinamente.<\/p>\n<p>De uma \u00e9poca em que Itapetinga ainda era liderada por homens fortes e comprometidos com o desenvolvimento do munic\u00edpio, Sinval Nunes participou ativamente \u00a0de todas as decis\u00f5es importantes na cidade, chegando a ser lembrado v\u00e1rias vezes para concorrer ao cargo de prefeito, mas preferiu participar dos processos pol\u00edtico eleitorais ajudando seus amigos.<\/p>\n<p>Entre os empreendimentos fundados por Sinval, destacam-se a implanta\u00e7\u00e3o da primeira Companhia Telef\u00f4nica Municipal e o Hotel Goitacaz, que ainda pertence \u00e0s sua fam\u00edlia. Sinval atuou tamb\u00e9m como um grande comerciante e pecuarista.<\/p>\n<p>Como primo, amigo e admirador, manifesto os meus sentimentos e de toda a fam\u00edlia Ferraz, pela passagem desse excepcional ser humano e pai de fam\u00edlia exemplar.<\/p>\n<p>O corpo ser\u00e1 velado no Cerimonial Pax Perfei\u00e7\u00e3o, na Avenida Cinquenten\u00e1rio, e o hor\u00e1rio do sepultamento, nesta segunda-feira, ainda n\u00e3o foi confirmado pala fam\u00edlia.<\/p>\n<p><strong><em>Davi Ferraz &#8211; Editor<\/em><\/strong><\/p>\n","protected":false},"excerpt":{"rendered":"<p>Faleceu, na noite deste domingo, em sua resid\u00eancia na Avenida das Palmeiras, aos 87 anos, o pecuarista e empres\u00e1rio Sinval Nunes da Silva, um dos pioneiros no processo de constru\u00e7\u00e3o e desenvolvimento de Itapetinga. Sinval, que havia sido internado na Policl\u00ednica para tratamento de uma infec\u00e7\u00e3o pulmonar, recebeu alta na manh\u00e3 deste domingo e foi [&hellip;]<\/p>\n","protected":false},"author":2,"featured_media":0,"comment_status":"open","ping_status":"open","sticky":false,"template":"","format":"standard","meta":{"footnotes":"","_links_to":"","_links_to_target":""},"categories":[1],"tags":[],"class_list":["post-37443","post","type-post","status-publish","format-standard","hentry","category-geral"],"views":1620,"_links":{"self":[{"href":"https:\/\/www.sudoestehoje.com.br\/novoportal\/wp-json\/wp\/v2\/posts\/37443","targetHints":{"allow":["GET"]}}],"collection":[{"href":"https:\/\/www.sudoestehoje.com.br\/novoportal\/wp-json\/wp\/v2\/posts"}],"about":[{"href":"https:\/\/www.sudoestehoje.com.br\/novoportal\/wp-json\/wp\/v2\/types\/post"}],"author":[{"embeddable":true,"href":"https:\/\/www.sudoestehoje.com.br\/novoportal\/wp-json\/wp\/v2\/users\/2"}],"replies":[{"embeddable":true,"href":"https:\/\/www.sudoestehoje.com.br\/novoportal\/wp-json\/wp\/v2\/comments?post=37443"}],"version-history":[{"count":4,"href":"https:\/\/www.sudoestehoje.com.br\/novoportal\/wp-json\/wp\/v2\/posts\/37443\/revisions"}],"predecessor-version":[{"id":37448,"href":"https:\/\/www.sudoestehoje.com.br\/novoportal\/wp-json\/wp\/v2\/posts\/37443\/revisions\/37448"}],"wp:attachment":[{"href":"https:\/\/www.sudoestehoje.com.br\/novoportal\/wp-json\/wp\/v2\/media?parent=37443"}],"wp:term":[{"taxonomy":"category","embeddable":true,"href":"https:\/\/www.sudoestehoje.com.br\/novoportal\/wp-json\/wp\/v2\/categories?post=37443"},{"taxonomy":"post_tag","embeddable":true,"href":"https:\/\/www.sudoestehoje.com.br\/novoportal\/wp-json\/wp\/v2\/tags?post=37443"}],"curies":[{"name":"wp","href":"https:\/\/api.w.org\/{rel}","templated":true}]}}