
{"id":37439,"date":"2014-05-25T19:53:25","date_gmt":"2014-05-25T22:53:25","guid":{"rendered":"http:\/\/www.sudoestehoje.com.br\/novoportal\/?p=37439"},"modified":"2014-05-25T19:53:25","modified_gmt":"2014-05-25T22:53:25","slug":"faixa-de-apoio-a-ronaldo-carletto-aparece-em-encontro-da-oposicao","status":"publish","type":"post","link":"https:\/\/www.sudoestehoje.com.br\/novoportal\/2014\/05\/25\/faixa-de-apoio-a-ronaldo-carletto-aparece-em-encontro-da-oposicao\/","title":{"rendered":"FAIXA DE APOIO A RONALDO CARLETTO APARECE EM ENCONTRO DA OPOSI\u00c7\u00c3O"},"content":{"rendered":"<p style=\"text-align: center;\">\n<img decoding=\"async\" class=\"aligncenter\" alt=\"\" src=\"https:\/\/fbexternal-a.akamaihd.net\/safe_image.php?d=AQC04VqO8cpsfT8y&amp;w=470&amp;h=246&amp;url=http%3A%2F%2Fwww.politicalivre.com.br%2Fwp-content%2Fuploads%2F2014%2F05%2Ffoto-2.jpg&amp;cfs=1&amp;upscale&amp;sx=0&amp;sy=106&amp;sw=640&amp;sh=335\" width=\"500\" \/><\/p>\n<p>Depois do anunciado apoio de ex-petistas hist\u00f3ricos nesta semana, como Milit\u00e3o, de Lap\u00e3o, \u00c9rico Sampaio, de Morro de Chap\u00e9u, e Deon\u00edsio Assis, de Barra, uma faixa estendida no evento pol\u00edtico da oposi\u00e7\u00e3o, realizado neste domingo, em Cruz das Almas, sinaliza que deputados da base do governo come\u00e7am a liberar suas lideran\u00e7as para se engajarem na chapa dos pr\u00e9-candidatos Paulo Souto (governador), Joaci G\u00f3es (vice) e Geddel Vieira Lima (senador).<\/p>\n<p><a href=\"http:\/\/www.sudoestehoje.com.br\/novoportal\/wp-content\/uploads\/2014\/05\/carleto.jpg\"><img loading=\"lazy\" decoding=\"async\" class=\"aligncenter size-medium wp-image-37440\" alt=\"carleto\" src=\"http:\/\/www.sudoestehoje.com.br\/novoportal\/wp-content\/uploads\/2014\/05\/carleto-500x271.jpg\" width=\"500\" height=\"271\" srcset=\"https:\/\/www.sudoestehoje.com.br\/novoportal\/wp-content\/uploads\/2014\/05\/carleto-500x271.jpg 500w, https:\/\/www.sudoestehoje.com.br\/novoportal\/wp-content\/uploads\/2014\/05\/carleto.jpg 590w\" sizes=\"auto, (max-width: 500px) 100vw, 500px\" \/><\/a><\/p>\n<p>&nbsp;<\/p>\n<p>A faixa que registrava o nome do deputado estadual Ronaldo Carletto era no mesmo estilo das que divulgavam o evento, com as mesmas cores e a marca: &#8220;Encontro Pol\u00edtico Regional&#8221;.<\/p>\n","protected":false},"excerpt":{"rendered":"<p>Depois do anunciado apoio de ex-petistas hist\u00f3ricos nesta semana, como Milit\u00e3o, de Lap\u00e3o, \u00c9rico Sampaio, de Morro de Chap\u00e9u, e Deon\u00edsio Assis, de Barra, uma faixa estendida no evento pol\u00edtico da oposi\u00e7\u00e3o, realizado neste domingo, em Cruz das Almas, sinaliza que deputados da base do governo come\u00e7am a liberar suas lideran\u00e7as para se engajarem na [&hellip;]<\/p>\n","protected":false},"author":2,"featured_media":0,"comment_status":"open","ping_status":"open","sticky":false,"template":"","format":"standard","meta":{"footnotes":"","_links_to":"","_links_to_target":""},"categories":[1],"tags":[],"class_list":["post-37439","post","type-post","status-publish","format-standard","hentry","category-geral"],"views":2244,"_links":{"self":[{"href":"https:\/\/www.sudoestehoje.com.br\/novoportal\/wp-json\/wp\/v2\/posts\/37439","targetHints":{"allow":["GET"]}}],"collection":[{"href":"https:\/\/www.sudoestehoje.com.br\/novoportal\/wp-json\/wp\/v2\/posts"}],"about":[{"href":"https:\/\/www.sudoestehoje.com.br\/novoportal\/wp-json\/wp\/v2\/types\/post"}],"author":[{"embeddable":true,"href":"https:\/\/www.sudoestehoje.com.br\/novoportal\/wp-json\/wp\/v2\/users\/2"}],"replies":[{"embeddable":true,"href":"https:\/\/www.sudoestehoje.com.br\/novoportal\/wp-json\/wp\/v2\/comments?post=37439"}],"version-history":[{"count":2,"href":"https:\/\/www.sudoestehoje.com.br\/novoportal\/wp-json\/wp\/v2\/posts\/37439\/revisions"}],"predecessor-version":[{"id":37442,"href":"https:\/\/www.sudoestehoje.com.br\/novoportal\/wp-json\/wp\/v2\/posts\/37439\/revisions\/37442"}],"wp:attachment":[{"href":"https:\/\/www.sudoestehoje.com.br\/novoportal\/wp-json\/wp\/v2\/media?parent=37439"}],"wp:term":[{"taxonomy":"category","embeddable":true,"href":"https:\/\/www.sudoestehoje.com.br\/novoportal\/wp-json\/wp\/v2\/categories?post=37439"},{"taxonomy":"post_tag","embeddable":true,"href":"https:\/\/www.sudoestehoje.com.br\/novoportal\/wp-json\/wp\/v2\/tags?post=37439"}],"curies":[{"name":"wp","href":"https:\/\/api.w.org\/{rel}","templated":true}]}}