
{"id":37434,"date":"2014-05-24T22:50:05","date_gmt":"2014-05-25T01:50:05","guid":{"rendered":"http:\/\/www.sudoestehoje.com.br\/novoportal\/?p=37434"},"modified":"2014-05-25T13:30:07","modified_gmt":"2014-05-25T16:30:07","slug":"encontro-do-pt-em-conquista-foi-abaixo-das-expectativas","status":"publish","type":"post","link":"https:\/\/www.sudoestehoje.com.br\/novoportal\/2014\/05\/24\/encontro-do-pt-em-conquista-foi-abaixo-das-expectativas\/","title":{"rendered":"ENCONTRO DO PT EM CONQUISTA FOI ABAIXO DAS EXPECTATIVAS"},"content":{"rendered":"<div id=\"attachment_37435\" style=\"width: 510px\" class=\"wp-caption aligncenter\"><a href=\"http:\/\/www.sudoestehoje.com.br\/novoportal\/wp-content\/uploads\/2014\/05\/encontro-pt.jpg\"><img loading=\"lazy\" decoding=\"async\" aria-describedby=\"caption-attachment-37435\" class=\"size-full wp-image-37435\" alt=\"Foto: Blog da Resenha Geral\" src=\"http:\/\/www.sudoestehoje.com.br\/novoportal\/wp-content\/uploads\/2014\/05\/encontro-pt.jpg\" width=\"500\" height=\"300\" \/><\/a><p id=\"caption-attachment-37435\" class=\"wp-caption-text\">Foto: Blog da Resenha Geral<\/p><\/div>\n<p>Os pr\u00e9-candidatos estaduais da atual situa\u00e7\u00e3o estadual estiveram na manh\u00e3 deste s\u00e1bado (24) em Vit\u00f3ria da Conquista para um evento intitulado Programa de Governo Participativo. O encontro petista contou com a presen\u00e7a do deputado federal e pr\u00e9-candidato ao Governo do Estado, Rui Costa (PT), do atual governador, Jaques Wagner, e seu vice, o pr\u00e9-candidato ao Senado Otto Alencar.<\/p>\n<p>Segundo a organiza\u00e7\u00e3o do evento, esta a\u00e7\u00e3o faz parte da discuss\u00e3o para o Plano de Governo que ser\u00e1 apresentado na campanha eleitoral deste ano. \u201cO plano est\u00e1 quase finalizado, em breve apresentaremos para a milit\u00e2ncia nossas proposta para o Governo do Estado\u201d, disse Rui Costa.<\/p>\n<p>Apesar da presen\u00e7a do governador Wagner e seu candidato Rui Costa, o encontro n\u00e3o empolgou, e o n\u00famero de participantes foi abaixo das expectativas. A aus\u00eancia dos militantes que outrora lotavam os encontros petistas em Conquista est\u00e1 sendo atribu\u00edda ao fraco desempenho do candidato Rui Costa e ao racha entre os grupos do prefeito Guilherme Menezes e dos deputados Waldenor e Z\u00e9 Raimundo.<\/p>\n<p><strong><em>Por Davi Ferraz<\/em><\/strong><\/p>\n","protected":false},"excerpt":{"rendered":"<p>Os pr\u00e9-candidatos estaduais da atual situa\u00e7\u00e3o estadual estiveram na manh\u00e3 deste s\u00e1bado (24) em Vit\u00f3ria da Conquista para um evento intitulado Programa de Governo Participativo. O encontro petista contou com a presen\u00e7a do deputado federal e pr\u00e9-candidato ao Governo do Estado, Rui Costa (PT), do atual governador, Jaques Wagner, e seu vice, o pr\u00e9-candidato ao [&hellip;]<\/p>\n","protected":false},"author":2,"featured_media":0,"comment_status":"open","ping_status":"open","sticky":false,"template":"","format":"standard","meta":{"footnotes":"","_links_to":"","_links_to_target":""},"categories":[1],"tags":[],"class_list":["post-37434","post","type-post","status-publish","format-standard","hentry","category-geral"],"views":1213,"_links":{"self":[{"href":"https:\/\/www.sudoestehoje.com.br\/novoportal\/wp-json\/wp\/v2\/posts\/37434","targetHints":{"allow":["GET"]}}],"collection":[{"href":"https:\/\/www.sudoestehoje.com.br\/novoportal\/wp-json\/wp\/v2\/posts"}],"about":[{"href":"https:\/\/www.sudoestehoje.com.br\/novoportal\/wp-json\/wp\/v2\/types\/post"}],"author":[{"embeddable":true,"href":"https:\/\/www.sudoestehoje.com.br\/novoportal\/wp-json\/wp\/v2\/users\/2"}],"replies":[{"embeddable":true,"href":"https:\/\/www.sudoestehoje.com.br\/novoportal\/wp-json\/wp\/v2\/comments?post=37434"}],"version-history":[{"count":1,"href":"https:\/\/www.sudoestehoje.com.br\/novoportal\/wp-json\/wp\/v2\/posts\/37434\/revisions"}],"predecessor-version":[{"id":37436,"href":"https:\/\/www.sudoestehoje.com.br\/novoportal\/wp-json\/wp\/v2\/posts\/37434\/revisions\/37436"}],"wp:attachment":[{"href":"https:\/\/www.sudoestehoje.com.br\/novoportal\/wp-json\/wp\/v2\/media?parent=37434"}],"wp:term":[{"taxonomy":"category","embeddable":true,"href":"https:\/\/www.sudoestehoje.com.br\/novoportal\/wp-json\/wp\/v2\/categories?post=37434"},{"taxonomy":"post_tag","embeddable":true,"href":"https:\/\/www.sudoestehoje.com.br\/novoportal\/wp-json\/wp\/v2\/tags?post=37434"}],"curies":[{"name":"wp","href":"https:\/\/api.w.org\/{rel}","templated":true}]}}