
{"id":37428,"date":"2014-05-24T22:59:32","date_gmt":"2014-05-25T01:59:32","guid":{"rendered":"http:\/\/www.sudoestehoje.com.br\/novoportal\/?p=37428"},"modified":"2014-05-24T23:01:57","modified_gmt":"2014-05-25T02:01:57","slug":"ze-carlos-diz-que-romildo-teixeira-sera-prioridade-em-2016","status":"publish","type":"post","link":"https:\/\/www.sudoestehoje.com.br\/novoportal\/2014\/05\/24\/ze-carlos-diz-que-romildo-teixeira-sera-prioridade-em-2016\/","title":{"rendered":"Z\u00c9 CARLOS DIZ QUE ROMILDO TEIXEIRA SER\u00c1 PRIORIDADE EM 2016"},"content":{"rendered":"<p><a href=\"http:\/\/www.sudoestehoje.com.br\/novoportal\/wp-content\/uploads\/2014\/05\/Z\u00c9-E-ROMILDO.jpg\"><img loading=\"lazy\" decoding=\"async\" class=\"aligncenter size-medium wp-image-37429\" alt=\"Z\u00c9 E ROMILDO\" src=\"http:\/\/www.sudoestehoje.com.br\/novoportal\/wp-content\/uploads\/2014\/05\/Z\u00c9-E-ROMILDO-500x331.jpg\" width=\"500\" height=\"331\" srcset=\"https:\/\/www.sudoestehoje.com.br\/novoportal\/wp-content\/uploads\/2014\/05\/Z\u00c9-E-ROMILDO-500x331.jpg 500w, https:\/\/www.sudoestehoje.com.br\/novoportal\/wp-content\/uploads\/2014\/05\/Z\u00c9-E-ROMILDO-700x463.jpg 700w, https:\/\/www.sudoestehoje.com.br\/novoportal\/wp-content\/uploads\/2014\/05\/Z\u00c9-E-ROMILDO.jpg 750w\" sizes=\"auto, (max-width: 500px) 100vw, 500px\" \/><\/a><\/p>\n<p>Em Vit\u00f3ria da Conquista, onde cumpre a sua intensa &#8216;agenda de lazer&#8217;, o prefeito de Itapetinga, Jos\u00e9 Carlos Moura, concedeu entrevista ao Blog do Anderson, rasgando elogios ao seu assessor especial Romildo Teixeira, 2\u00ba suplente do PDT e uma das figuras mais criticadas e mal vistas da pol\u00edtica local. Confira a mat\u00e9ria e o que disse o prefeito:<\/p>\n<p><em>O pedetista Romildo Teixeira Santos ocupou a 13\u00aa posi\u00e7\u00e3o na corrida \u00e0 C\u00e2mara Municipal de Itapetinga nas \u00faltimas elei\u00e7\u00f5es municipal, mas ficou de fora da atual legislatura que conta com 15 vereadores.\u00a0<\/em><em>Em Vit\u00f3ria da Conquista, neste s\u00e1bado (24), o prefeito Jos\u00e9 Carlos Cruz Cerqueira Moura (PT) n\u00e3o poupou elogios a Romildo, que atualmente \u00e9 um dos seus assessores pol\u00edticos. Segundo Z\u00e9 Carlos Moura, em 2016 ele ser\u00e1 uma das suas prioridades.<\/em><\/p>\n<p><em>\u201cRomildo \u00e9 uma boa pessoa, \u00e9 um senhor assessor, \u00e9 uma pessoa sens\u00edvel aos problemas de Itapetinga, conhece os problemas de Itapetinga\u2026 \u00c9 uma excelente pessoa, conhece os problemas de Itapetinga, chega junto, sabe defender seus l\u00edderes, sabe conversar com os vereadores&#8221;,\u00a0defendeu.\u00a0\u201cEle \u00e9 um articulador nato e tem a virtude de viver de pol\u00edtica 24 horas\u201d,\u00a0complementa.<\/em><\/p>\n<p>Sabe de nada, inocente&#8230;<\/p>\n<p><strong><em>Por Davi Ferraz<\/em><\/strong><\/p>\n","protected":false},"excerpt":{"rendered":"<p>Em Vit\u00f3ria da Conquista, onde cumpre a sua intensa &#8216;agenda de lazer&#8217;, o prefeito de Itapetinga, Jos\u00e9 Carlos Moura, concedeu entrevista ao Blog do Anderson, rasgando elogios ao seu assessor especial Romildo Teixeira, 2\u00ba suplente do PDT e uma das figuras mais criticadas e mal vistas da pol\u00edtica local. Confira a mat\u00e9ria e o que [&hellip;]<\/p>\n","protected":false},"author":2,"featured_media":0,"comment_status":"open","ping_status":"open","sticky":false,"template":"","format":"standard","meta":{"footnotes":"","_links_to":"","_links_to_target":""},"categories":[1],"tags":[],"class_list":["post-37428","post","type-post","status-publish","format-standard","hentry","category-geral"],"views":1400,"_links":{"self":[{"href":"https:\/\/www.sudoestehoje.com.br\/novoportal\/wp-json\/wp\/v2\/posts\/37428","targetHints":{"allow":["GET"]}}],"collection":[{"href":"https:\/\/www.sudoestehoje.com.br\/novoportal\/wp-json\/wp\/v2\/posts"}],"about":[{"href":"https:\/\/www.sudoestehoje.com.br\/novoportal\/wp-json\/wp\/v2\/types\/post"}],"author":[{"embeddable":true,"href":"https:\/\/www.sudoestehoje.com.br\/novoportal\/wp-json\/wp\/v2\/users\/2"}],"replies":[{"embeddable":true,"href":"https:\/\/www.sudoestehoje.com.br\/novoportal\/wp-json\/wp\/v2\/comments?post=37428"}],"version-history":[{"count":4,"href":"https:\/\/www.sudoestehoje.com.br\/novoportal\/wp-json\/wp\/v2\/posts\/37428\/revisions"}],"predecessor-version":[{"id":37433,"href":"https:\/\/www.sudoestehoje.com.br\/novoportal\/wp-json\/wp\/v2\/posts\/37428\/revisions\/37433"}],"wp:attachment":[{"href":"https:\/\/www.sudoestehoje.com.br\/novoportal\/wp-json\/wp\/v2\/media?parent=37428"}],"wp:term":[{"taxonomy":"category","embeddable":true,"href":"https:\/\/www.sudoestehoje.com.br\/novoportal\/wp-json\/wp\/v2\/categories?post=37428"},{"taxonomy":"post_tag","embeddable":true,"href":"https:\/\/www.sudoestehoje.com.br\/novoportal\/wp-json\/wp\/v2\/tags?post=37428"}],"curies":[{"name":"wp","href":"https:\/\/api.w.org\/{rel}","templated":true}]}}