
{"id":37421,"date":"2014-05-24T12:45:47","date_gmt":"2014-05-24T15:45:47","guid":{"rendered":"http:\/\/www.sudoestehoje.com.br\/novoportal\/?p=37421"},"modified":"2014-05-24T12:45:47","modified_gmt":"2014-05-24T15:45:47","slug":"fundacao-jose-silveira-lanca-teste-rapido-da-tuberculose","status":"publish","type":"post","link":"https:\/\/www.sudoestehoje.com.br\/novoportal\/2014\/05\/24\/fundacao-jose-silveira-lanca-teste-rapido-da-tuberculose\/","title":{"rendered":"FUNDA\u00c7\u00c3O JOS\u00c9 SILVEIRA LAN\u00c7A TESTE R\u00c1PIDO DA TUBERCULOSE"},"content":{"rendered":"<p><a href=\"http:\/\/www.sudoestehoje.com.br\/novoportal\/wp-content\/uploads\/2014\/05\/BRITIS.jpg\"><img loading=\"lazy\" decoding=\"async\" class=\"aligncenter size-medium wp-image-37422\" alt=\"BRITIS\" src=\"http:\/\/www.sudoestehoje.com.br\/novoportal\/wp-content\/uploads\/2014\/05\/BRITIS-500x271.jpg\" width=\"500\" height=\"271\" srcset=\"https:\/\/www.sudoestehoje.com.br\/novoportal\/wp-content\/uploads\/2014\/05\/BRITIS-500x271.jpg 500w, https:\/\/www.sudoestehoje.com.br\/novoportal\/wp-content\/uploads\/2014\/05\/BRITIS.jpg 590w\" sizes=\"auto, (max-width: 500px) 100vw, 500px\" \/><\/a><\/p>\n<p>O Minist\u00e9rio da Sa\u00fade, as Secretarias da Sa\u00fade do estado e do munic\u00edpio e a Funda\u00e7\u00e3o Jos\u00e9 Silveira lan\u00e7aram hoje no final da tarde o teste r\u00e1pido da Tuberculose na Pra\u00e7a da Revolu\u00e7\u00e3o, em Periperi, dando sequ\u00eancia \u00e0 Campanha Nacional de combate \u00e0 doen\u00e7a.<\/p>\n<p>A iniciativa de unir todos esses segmentos foi do presidente da Frente Parlamentar pela luta contra a Tuberculose, deputado Antonio Brito (PTB-BA), e nesse primeiro dia, 250 pessoas se submeteram ao teste. A Bahia \u00e9 o terceiro em casos da doen\u00e7a e \u00e9 o terceiro tamb\u00e9m em receber o maior n\u00famero de aparelhos para o teste r\u00e1pido. S\u00e3o tr\u00eas para hospitais de Salvador e um para Feira de Santana.<\/p>\n<p>O novo teste utiliza a t\u00e9cnica de biologia molecar para detectar a doen\u00e7a em at\u00e9 duas horas, com a vantagem de identificar o tipo de bact\u00e9ria que est\u00e1 agindo e \u00edndice de acerto de at\u00e9 99%. Os testes anteriores demoravam de 30 a 60 dias para dar o resultado, e mais 30 para identificar a resist\u00eancia da bact\u00e9ria.<\/p>\n<p>O deputado Antonio Brito espera uma revolu\u00e7\u00e3o no tratamento da doen\u00e7a e no combate ao preconceito com o novo teste: \u201cA uni\u00e3o de \u00f3rg\u00e3os p\u00fablicos com entidades da \u00e1rea da sa\u00fade \u00e9 a f\u00f3rmula para o sucesso da luta no tratamento da Tuberculose, que a cada ano acomete mais de 70 mil pessoas. \u00c9 preciso se prevenir, se tratar e acabar com o preconceito\u201d.<\/p>\n<p>Durante o evento, Dr\u00e1ulio Barreira, representante do Minist\u00e9rio da Sa\u00fade, anunciou que Antonio Brito foi escolhido para representar o Congresso Nacional no Encontro Mundial da Tuberculose no m\u00eas de outubro, em Barcelona, para relatar o trabalho que vem sendo desenvolvido pela Frente Parlamentar pela luta contra a doen\u00e7a.<\/p>\n","protected":false},"excerpt":{"rendered":"<p>O Minist\u00e9rio da Sa\u00fade, as Secretarias da Sa\u00fade do estado e do munic\u00edpio e a Funda\u00e7\u00e3o Jos\u00e9 Silveira lan\u00e7aram hoje no final da tarde o teste r\u00e1pido da Tuberculose na Pra\u00e7a da Revolu\u00e7\u00e3o, em Periperi, dando sequ\u00eancia \u00e0 Campanha Nacional de combate \u00e0 doen\u00e7a. A iniciativa de unir todos esses segmentos foi do presidente da [&hellip;]<\/p>\n","protected":false},"author":2,"featured_media":0,"comment_status":"open","ping_status":"open","sticky":false,"template":"","format":"standard","meta":{"footnotes":"","_links_to":"","_links_to_target":""},"categories":[1],"tags":[],"class_list":["post-37421","post","type-post","status-publish","format-standard","hentry","category-geral"],"views":1100,"_links":{"self":[{"href":"https:\/\/www.sudoestehoje.com.br\/novoportal\/wp-json\/wp\/v2\/posts\/37421","targetHints":{"allow":["GET"]}}],"collection":[{"href":"https:\/\/www.sudoestehoje.com.br\/novoportal\/wp-json\/wp\/v2\/posts"}],"about":[{"href":"https:\/\/www.sudoestehoje.com.br\/novoportal\/wp-json\/wp\/v2\/types\/post"}],"author":[{"embeddable":true,"href":"https:\/\/www.sudoestehoje.com.br\/novoportal\/wp-json\/wp\/v2\/users\/2"}],"replies":[{"embeddable":true,"href":"https:\/\/www.sudoestehoje.com.br\/novoportal\/wp-json\/wp\/v2\/comments?post=37421"}],"version-history":[{"count":1,"href":"https:\/\/www.sudoestehoje.com.br\/novoportal\/wp-json\/wp\/v2\/posts\/37421\/revisions"}],"predecessor-version":[{"id":37423,"href":"https:\/\/www.sudoestehoje.com.br\/novoportal\/wp-json\/wp\/v2\/posts\/37421\/revisions\/37423"}],"wp:attachment":[{"href":"https:\/\/www.sudoestehoje.com.br\/novoportal\/wp-json\/wp\/v2\/media?parent=37421"}],"wp:term":[{"taxonomy":"category","embeddable":true,"href":"https:\/\/www.sudoestehoje.com.br\/novoportal\/wp-json\/wp\/v2\/categories?post=37421"},{"taxonomy":"post_tag","embeddable":true,"href":"https:\/\/www.sudoestehoje.com.br\/novoportal\/wp-json\/wp\/v2\/tags?post=37421"}],"curies":[{"name":"wp","href":"https:\/\/api.w.org\/{rel}","templated":true}]}}