
{"id":37403,"date":"2014-05-23T22:38:20","date_gmt":"2014-05-24T01:38:20","guid":{"rendered":"http:\/\/www.sudoestehoje.com.br\/novoportal\/?p=37403"},"modified":"2014-05-23T22:38:20","modified_gmt":"2014-05-24T01:38:20","slug":"candidatura-de-rui-costa-nao-decola-e-deixa-otto-aborrecido","status":"publish","type":"post","link":"https:\/\/www.sudoestehoje.com.br\/novoportal\/2014\/05\/23\/candidatura-de-rui-costa-nao-decola-e-deixa-otto-aborrecido\/","title":{"rendered":"CANDIDATURA DE RUI COSTA N\u00c3O DECOLA E DEIXA OTTO ABORRECIDO"},"content":{"rendered":"<p><a href=\"http:\/\/www.sudoestehoje.com.br\/novoportal\/wp-content\/uploads\/2014\/05\/otto-alencar.jpg\"><img loading=\"lazy\" decoding=\"async\" class=\"size-full wp-image-37404 alignleft\" alt=\"otto-alencar\" src=\"http:\/\/www.sudoestehoje.com.br\/novoportal\/wp-content\/uploads\/2014\/05\/otto-alencar.jpg\" width=\"200\" height=\"306\" \/><\/a><\/p>\n<p>Conhecido como um pol\u00edtico de bom tr\u00e2nsito perante diversas lideran\u00e7as no interior, o vice-governador\u00a0e candidato a senador Otto Alencar tem demonstrado aborrecimento com uma situa\u00e7\u00e3o pol\u00edtica que tem se repetido, desde que foi definida a chapa de oposi\u00e7\u00e3o ao governo Wagner.<\/p>\n<p>Otto tem sido abordado por parceiros pol\u00edticos do\u00a0 interior do Estado, que apesar de manifestarem que o apoiar\u00e3o para o senado, n\u00e3o abrem m\u00e3o de votar em Paulo Souto para governador.<\/p>\n<p>Segundo os interlocutores, a resist\u00eancia \u00e0 figura de Rui Costa \u00e9 gigantesca na pol\u00edtica interiorana, inclusive entre os prefeitos que o apoiaram para deputado na \u00faltima elei\u00e7\u00e3o. As m\u00e1goas s\u00e3o enumeradas a Otto, que apenas anota.<\/p>\n<p>Ao \u00faltimo interlocutor da situa\u00e7\u00e3o, Otto teria demonstrado profunda irrita\u00e7\u00e3o, dizendo que desta forma, nem precisariam votar nele para o Senado.<\/p>\n<p>Segundo a mesma fonte, est\u00e1 na agenda de Otto Alencar ter uma conversa de \u2018p\u00e9 do orelha\u2019 com Wagner, a fim de identificar por que a candidatura petista ainda n\u00e3o decolou. <em>Blog Agravo<\/em><\/p>\n","protected":false},"excerpt":{"rendered":"<p>Conhecido como um pol\u00edtico de bom tr\u00e2nsito perante diversas lideran\u00e7as no interior, o vice-governador\u00a0e candidato a senador Otto Alencar tem demonstrado aborrecimento com uma situa\u00e7\u00e3o pol\u00edtica que tem se repetido, desde que foi definida a chapa de oposi\u00e7\u00e3o ao governo Wagner. Otto tem sido abordado por parceiros pol\u00edticos do\u00a0 interior do Estado, que apesar de [&hellip;]<\/p>\n","protected":false},"author":2,"featured_media":0,"comment_status":"open","ping_status":"open","sticky":false,"template":"","format":"standard","meta":{"footnotes":"","_links_to":"","_links_to_target":""},"categories":[1],"tags":[],"class_list":["post-37403","post","type-post","status-publish","format-standard","hentry","category-geral"],"views":1280,"_links":{"self":[{"href":"https:\/\/www.sudoestehoje.com.br\/novoportal\/wp-json\/wp\/v2\/posts\/37403","targetHints":{"allow":["GET"]}}],"collection":[{"href":"https:\/\/www.sudoestehoje.com.br\/novoportal\/wp-json\/wp\/v2\/posts"}],"about":[{"href":"https:\/\/www.sudoestehoje.com.br\/novoportal\/wp-json\/wp\/v2\/types\/post"}],"author":[{"embeddable":true,"href":"https:\/\/www.sudoestehoje.com.br\/novoportal\/wp-json\/wp\/v2\/users\/2"}],"replies":[{"embeddable":true,"href":"https:\/\/www.sudoestehoje.com.br\/novoportal\/wp-json\/wp\/v2\/comments?post=37403"}],"version-history":[{"count":2,"href":"https:\/\/www.sudoestehoje.com.br\/novoportal\/wp-json\/wp\/v2\/posts\/37403\/revisions"}],"predecessor-version":[{"id":37406,"href":"https:\/\/www.sudoestehoje.com.br\/novoportal\/wp-json\/wp\/v2\/posts\/37403\/revisions\/37406"}],"wp:attachment":[{"href":"https:\/\/www.sudoestehoje.com.br\/novoportal\/wp-json\/wp\/v2\/media?parent=37403"}],"wp:term":[{"taxonomy":"category","embeddable":true,"href":"https:\/\/www.sudoestehoje.com.br\/novoportal\/wp-json\/wp\/v2\/categories?post=37403"},{"taxonomy":"post_tag","embeddable":true,"href":"https:\/\/www.sudoestehoje.com.br\/novoportal\/wp-json\/wp\/v2\/tags?post=37403"}],"curies":[{"name":"wp","href":"https:\/\/api.w.org\/{rel}","templated":true}]}}