
{"id":37388,"date":"2014-05-23T18:35:23","date_gmt":"2014-05-23T21:35:23","guid":{"rendered":"http:\/\/www.sudoestehoje.com.br\/novoportal\/?p=37388"},"modified":"2014-05-23T18:35:23","modified_gmt":"2014-05-23T21:35:23","slug":"joao-leao-pode-abandonar-chapa-de-rui","status":"publish","type":"post","link":"https:\/\/www.sudoestehoje.com.br\/novoportal\/2014\/05\/23\/joao-leao-pode-abandonar-chapa-de-rui\/","title":{"rendered":"JO\u00c3O LE\u00c3O PODE ABANDONAR CHAPA DE RUI"},"content":{"rendered":"<p><a href=\"http:\/\/www.sudoestehoje.com.br\/novoportal\/wp-content\/uploads\/2014\/05\/jo\u00e3o-le\u00e3o.jpg\"><img loading=\"lazy\" decoding=\"async\" class=\"aligncenter size-medium wp-image-37390\" alt=\"jo\u00e3o le\u00e3o\" src=\"http:\/\/www.sudoestehoje.com.br\/novoportal\/wp-content\/uploads\/2014\/05\/jo\u00e3o-le\u00e3o-500x271.jpg\" width=\"500\" height=\"271\" srcset=\"https:\/\/www.sudoestehoje.com.br\/novoportal\/wp-content\/uploads\/2014\/05\/jo\u00e3o-le\u00e3o-500x271.jpg 500w, https:\/\/www.sudoestehoje.com.br\/novoportal\/wp-content\/uploads\/2014\/05\/jo\u00e3o-le\u00e3o.jpg 590w\" sizes=\"auto, (max-width: 500px) 100vw, 500px\" \/><\/a><\/p>\n<p>Fortes boatos rondaram esta tarde a chapa governista encabe\u00e7ada pelo candidato a governador Rui Costa (PT). O mais forte deles dava conta da ren\u00fancia do deputado federal Jo\u00e3o Le\u00e3o \u00e0 candidatura de vice-governador.<\/p>\n<p>Os boatos levaram o pr\u00e9-candidato a senador, Geddel Vieira Lima, do PMDB, a postar em seu Twitter uma pergunta sobre se a ren\u00fancia seria verdadeira. \u201c<em>Me ligaram agora de Barreiras dizendo que Jo\u00e3o Le\u00e3o renunciou a candidatura de vice na chapa do PT. Algu\u00e9m sabe de alguma coisa? (sic)\u201d<\/em>, escreveu Geddel. Pol\u00edtica Livre<\/p>\n","protected":false},"excerpt":{"rendered":"<p>Fortes boatos rondaram esta tarde a chapa governista encabe\u00e7ada pelo candidato a governador Rui Costa (PT). O mais forte deles dava conta da ren\u00fancia do deputado federal Jo\u00e3o Le\u00e3o \u00e0 candidatura de vice-governador. Os boatos levaram o pr\u00e9-candidato a senador, Geddel Vieira Lima, do PMDB, a postar em seu Twitter uma pergunta sobre se a [&hellip;]<\/p>\n","protected":false},"author":2,"featured_media":0,"comment_status":"open","ping_status":"open","sticky":false,"template":"","format":"standard","meta":{"footnotes":"","_links_to":"","_links_to_target":""},"categories":[1],"tags":[],"class_list":["post-37388","post","type-post","status-publish","format-standard","hentry","category-geral"],"views":1377,"_links":{"self":[{"href":"https:\/\/www.sudoestehoje.com.br\/novoportal\/wp-json\/wp\/v2\/posts\/37388","targetHints":{"allow":["GET"]}}],"collection":[{"href":"https:\/\/www.sudoestehoje.com.br\/novoportal\/wp-json\/wp\/v2\/posts"}],"about":[{"href":"https:\/\/www.sudoestehoje.com.br\/novoportal\/wp-json\/wp\/v2\/types\/post"}],"author":[{"embeddable":true,"href":"https:\/\/www.sudoestehoje.com.br\/novoportal\/wp-json\/wp\/v2\/users\/2"}],"replies":[{"embeddable":true,"href":"https:\/\/www.sudoestehoje.com.br\/novoportal\/wp-json\/wp\/v2\/comments?post=37388"}],"version-history":[{"count":2,"href":"https:\/\/www.sudoestehoje.com.br\/novoportal\/wp-json\/wp\/v2\/posts\/37388\/revisions"}],"predecessor-version":[{"id":37391,"href":"https:\/\/www.sudoestehoje.com.br\/novoportal\/wp-json\/wp\/v2\/posts\/37388\/revisions\/37391"}],"wp:attachment":[{"href":"https:\/\/www.sudoestehoje.com.br\/novoportal\/wp-json\/wp\/v2\/media?parent=37388"}],"wp:term":[{"taxonomy":"category","embeddable":true,"href":"https:\/\/www.sudoestehoje.com.br\/novoportal\/wp-json\/wp\/v2\/categories?post=37388"},{"taxonomy":"post_tag","embeddable":true,"href":"https:\/\/www.sudoestehoje.com.br\/novoportal\/wp-json\/wp\/v2\/tags?post=37388"}],"curies":[{"name":"wp","href":"https:\/\/api.w.org\/{rel}","templated":true}]}}