
{"id":37380,"date":"2014-05-23T13:48:03","date_gmt":"2014-05-23T16:48:03","guid":{"rendered":"http:\/\/www.sudoestehoje.com.br\/novoportal\/?p=37380"},"modified":"2014-05-23T13:48:03","modified_gmt":"2014-05-23T16:48:03","slug":"wagner-cortando-volta","status":"publish","type":"post","link":"https:\/\/www.sudoestehoje.com.br\/novoportal\/2014\/05\/23\/wagner-cortando-volta\/","title":{"rendered":"WAGNER CORTANDO VOLTA"},"content":{"rendered":"<p style=\"text-align: center;\"><a href=\"http:\/\/www.sudoestehoje.com.br\/novoportal\/wp-content\/uploads\/2014\/05\/Foto-Evento-Gov-Itarantim.jpg\"><img decoding=\"async\" class=\"aligncenter  wp-image-37382\" alt=\"Foto Evento Gov Itarantim\" src=\"http:\/\/www.sudoestehoje.com.br\/novoportal\/wp-content\/uploads\/2014\/05\/Foto-Evento-Gov-Itarantim-500x347.jpg\" width=\"157\" srcset=\"https:\/\/www.sudoestehoje.com.br\/novoportal\/wp-content\/uploads\/2014\/05\/Foto-Evento-Gov-Itarantim-500x347.jpg 500w, https:\/\/www.sudoestehoje.com.br\/novoportal\/wp-content\/uploads\/2014\/05\/Foto-Evento-Gov-Itarantim-700x486.jpg 700w, https:\/\/www.sudoestehoje.com.br\/novoportal\/wp-content\/uploads\/2014\/05\/Foto-Evento-Gov-Itarantim.jpg 1600w\" sizes=\"(max-width: 500px) 100vw, 500px\" \/><\/a><\/p>\n<p>De uns tempos para c\u00e1, e j\u00e1 faz muito tempo, o governador Jaques Wagner tem evitado Itapetinga, sabe-se l\u00e1 porque. O cara n\u00e3o vem aqui, nem amarrado. Na Exposi\u00e7\u00e3o, deixou o coitado do Rui Costa entregue a Otto e Z\u00e9 Carlos e ningu\u00e9m viu o candidato, que passou despercebido e foi embora sem ser notado. Nesta sexta-feira, anunciaram que Wagner pousaria no aeroporto local, a caminho de Potiragu\u00e1 e Itarantim, para inaugura\u00e7\u00e3o do recapeamento da rodovia que liga os dois munic\u00edpios. Esperan\u00e7osos de tirarem uma lasquinha no governador, l\u00e1 foram os petistas de Itapetinga para o aeroporto, mas tomaram outro &#8216;Zignau&#8217; do Galego, que preferiu pousar em Conquista e seguir de helic\u00f3ptero para a terra da cacha\u00e7a boa.<\/p>\n","protected":false},"excerpt":{"rendered":"<p>De uns tempos para c\u00e1, e j\u00e1 faz muito tempo, o governador Jaques Wagner tem evitado Itapetinga, sabe-se l\u00e1 porque. O cara n\u00e3o vem aqui, nem amarrado. Na Exposi\u00e7\u00e3o, deixou o coitado do Rui Costa entregue a Otto e Z\u00e9 Carlos e ningu\u00e9m viu o candidato, que passou despercebido e foi embora sem ser notado. [&hellip;]<\/p>\n","protected":false},"author":2,"featured_media":0,"comment_status":"open","ping_status":"open","sticky":false,"template":"","format":"standard","meta":{"footnotes":"","_links_to":"","_links_to_target":""},"categories":[11],"tags":[],"class_list":["post-37380","post","type-post","status-publish","format-standard","hentry","category-quentinhas"],"views":1385,"_links":{"self":[{"href":"https:\/\/www.sudoestehoje.com.br\/novoportal\/wp-json\/wp\/v2\/posts\/37380","targetHints":{"allow":["GET"]}}],"collection":[{"href":"https:\/\/www.sudoestehoje.com.br\/novoportal\/wp-json\/wp\/v2\/posts"}],"about":[{"href":"https:\/\/www.sudoestehoje.com.br\/novoportal\/wp-json\/wp\/v2\/types\/post"}],"author":[{"embeddable":true,"href":"https:\/\/www.sudoestehoje.com.br\/novoportal\/wp-json\/wp\/v2\/users\/2"}],"replies":[{"embeddable":true,"href":"https:\/\/www.sudoestehoje.com.br\/novoportal\/wp-json\/wp\/v2\/comments?post=37380"}],"version-history":[{"count":1,"href":"https:\/\/www.sudoestehoje.com.br\/novoportal\/wp-json\/wp\/v2\/posts\/37380\/revisions"}],"predecessor-version":[{"id":37383,"href":"https:\/\/www.sudoestehoje.com.br\/novoportal\/wp-json\/wp\/v2\/posts\/37380\/revisions\/37383"}],"wp:attachment":[{"href":"https:\/\/www.sudoestehoje.com.br\/novoportal\/wp-json\/wp\/v2\/media?parent=37380"}],"wp:term":[{"taxonomy":"category","embeddable":true,"href":"https:\/\/www.sudoestehoje.com.br\/novoportal\/wp-json\/wp\/v2\/categories?post=37380"},{"taxonomy":"post_tag","embeddable":true,"href":"https:\/\/www.sudoestehoje.com.br\/novoportal\/wp-json\/wp\/v2\/tags?post=37380"}],"curies":[{"name":"wp","href":"https:\/\/api.w.org\/{rel}","templated":true}]}}