
{"id":37375,"date":"2014-05-24T00:22:23","date_gmt":"2014-05-24T03:22:23","guid":{"rendered":"http:\/\/www.sudoestehoje.com.br\/novoportal\/?p=37375"},"modified":"2014-05-24T00:48:01","modified_gmt":"2014-05-24T03:48:01","slug":"quem-tem-votos-em-itapetinga","status":"publish","type":"post","link":"https:\/\/www.sudoestehoje.com.br\/novoportal\/2014\/05\/24\/quem-tem-votos-em-itapetinga\/","title":{"rendered":"QUEM TEM VOTOS EM ITAPETINGA?"},"content":{"rendered":"<div id=\"attachment_37410\" style=\"width: 410px\" class=\"wp-caption aligncenter\"><a href=\"http:\/\/www.sudoestehoje.com.br\/novoportal\/wp-content\/uploads\/2014\/05\/foto-pronta-2.jpg\"><img decoding=\"async\" aria-describedby=\"caption-attachment-37410\" class=\" wp-image-37410 \" alt=\"FOTO MONTAGEM SUDOESTE HOJE\" src=\"http:\/\/www.sudoestehoje.com.br\/novoportal\/wp-content\/uploads\/2014\/05\/foto-pronta-2-350x500.jpg\" width=\"400\" srcset=\"https:\/\/www.sudoestehoje.com.br\/novoportal\/wp-content\/uploads\/2014\/05\/foto-pronta-2-350x500.jpg 350w, https:\/\/www.sudoestehoje.com.br\/novoportal\/wp-content\/uploads\/2014\/05\/foto-pronta-2.jpg 384w\" sizes=\"(max-width: 350px) 100vw, 350px\" \/><\/a><p id=\"caption-attachment-37410\" class=\"wp-caption-text\">Foto Montagem: SUDOESTE HOJE<\/p><\/div>\n<p><strong><em>Por Davi Ferraz<\/em><\/strong><\/p>\n<p>Depois de assentada a poeira do intenso movimento pol\u00edtico que marcou a 44\u00aa Exposi\u00e7\u00e3o Agropecu\u00e1ria de Itapetinga, que contou com as presen\u00e7as dos dois maiores grupos que disputam o governo da Bahia, senado, c\u00e2mara e assembl\u00e9ia, todas as candidaturas que contar\u00e3o com o apoio dos l\u00edderes e partidos locais est\u00e3o postas e definidas.<\/p>\n<p>Com as cartas na mesa, chegou a hora de um breve balan\u00e7o sobre as candidaturas apresentadas, com base em opini\u00f5es que vimos colhendo em conversas com lideran\u00e7as locais e formadores de opini\u00e3o, analisando as possibilidades de cada um dos principais candidatos, como faremos a seguir:<\/p>\n<p>CANDIDATOS AO GOVERNO E SENADO<\/p>\n<p>No \u00e2mbito das candidaturas ao governo do estado, \u00e9 opini\u00e3o geral que o democrata Paulo Souto ganha f\u00e1cil em Itapetinga, o que j\u00e1 ocorreu nas duas outras oportunidades em que disputou o governo, contra o atual governador Jaques Wagner. A implanta\u00e7\u00e3o da Azal\u00e9ia conta pontos em favor do candidato Paulo Souto e pode agora ser o &#8216;calo no sapato&#8217; de Jaques Wagner e seu candidato Rui Costa, depois do lament\u00e1vel epis\u00f3dio de fechamento de 18 unidades da f\u00e1brica, que gerou quase 18 mil desempregos na regi\u00e3o. Rui Costa \u00e9 desconhecido e seu cacife por aqui \u00e9 zero. L\u00eddice da Mata (PSB) tem poucas possibilidades em Itapetinga, a n\u00e3o ser que ocorra uma enorme zebra.<\/p>\n<p>Para o senado, apostamos em um equil\u00edbrio entre Otto Alencar (PSD) e Geddel Vieira Lima (PMDB), mas n\u00e3o est\u00e1 descartada uma vota\u00e7\u00e3o expressiva para a ex-ministra Eliana Calmon (PSB), que vem empolgando a classe m\u00e9dia e a faixa do eleitorado mais exigente e politizada.<\/p>\n<p>DEPUTADOS PETISTAS<\/p>\n<p>No campo governista, os deputados petistas Geraldo Sim\u00f5es e Rosemberg Pinto enfrentar\u00e3o s\u00e9rias dificuldades para repetiram as vota\u00e7\u00f5es de 2010 em Itapetinga, em decorr\u00eancia do forte desgaste da administra\u00e7\u00e3o municipal, tocada a &#8216;migu\u00e9&#8217; pelo fraqu\u00edssimo prefeito Z\u00e9 Carlos, sem falar que os dois parlamentares tiveram atua\u00e7\u00f5es abaixo da cr\u00edtica, nos \u00faltimos quatro anos, se ausentando do munic\u00edpio quando a cidade mais precisava deles. A vota\u00e7\u00e3o de Geraldo Sim\u00f5es dever\u00e1 ser inexpressiva e a de Rosemberg em torno de 60% do que obteve na \u00faltima elei\u00e7\u00e3o, e olha l\u00e1.<\/p>\n<p>PARTIDOS DA BASE<\/p>\n<p>Quem deve se dar bem como candidato a deputado federal \u00e9 o petebista Ant\u00f4nio Brito, que vem realizando alian\u00e7as important\u00edssimas com lideran\u00e7as locais, como os ex-candidatos a prefeito Arnaldo Teixeira (PR) e K\u00e1tia Espinheira (sem partido), al\u00e9m de in\u00fameros vereadores e cabos eleitorais de peso. A sua atua\u00e7\u00e3o para concretizar a parceria entre da Funda\u00e7\u00e3o Jos\u00e9 Silveira e o Hospital Cristo Redentor foi decisiva, acrescentando pontos importantes a seu favor. Na bolsa de apostas, \u00e9 o nome mais cotado para liderar as elei\u00e7\u00f5es no munic\u00edpio.<\/p>\n<p>K\u00e1tia Espinheira, que agora resolver seguir &#8216;carreira solo&#8217;, apoia o deputado federal Ant\u00f4nio Brito, e tamb\u00e9m declarou apoio a Tim\u00f3teo Brito, de Teixeira de Freitas, para deputado estadual. Como a candidatura de Ant\u00f4nio Brito conta com uma legi\u00e3o de apoiadores, a for\u00e7a de K\u00e1tia dever\u00e1 ser medida pela vota\u00e7\u00e3o que conseguir dar a Tim\u00f3teo, que em 2010 obteve pouco mais de 100 no munic\u00edpio.<\/p>\n<p>CANDIDATOS DO PMDB<\/p>\n<p>No campo Michelista, correm o deputado federal L\u00facio Vieira Lima (PMDB) e o conquistense Herzem Gusm\u00e3o, que concorreu em 2012 \u00e0 prefeitura de sua cidade, pelo PMDB, ficando na 2\u00aa coloca\u00e7\u00e3o, depois de uma disputa acirrada com o petista Guilherme Menezes, no segundo turno das elei\u00e7\u00f5es municipais. L\u00facio teve vota\u00e7\u00e3o inexpressiva em Itapetinga, em 2010, e deve repetir o mesmo desempenho e at\u00e9 melhorar um pouco, se os &#8216;gabirabas&#8217; arrega\u00e7arem as mangas, o que \u00e9 pouco prov\u00e1vel. \u00a0Herzem, pelo que representa na regi\u00e3o e por ser uma novidade nessas elei\u00e7\u00f5es, pode sair de Itapetinga com uma vota\u00e7\u00e3o expressiva, na casa dos 5 mil votos ou algo pr\u00f3ximo, vota\u00e7\u00e3o que Michel costuma dar a quem apoia, com as m\u00e3os nas costas.<\/p>\n<p>CANDIDATOS DO DEM<\/p>\n<p>No grupo do ex-prefeito Jos\u00e9 Ot\u00e1vio, as escolhas foram os democratas Jos\u00e9 Carlos Aleluia , para federal, e Heraldo Rocha, para estadual, ambos sem mandatos eletivos. Jos\u00e9 Carlos Aleluia \u00e9 desconhecido por essas bandas e n\u00e3o dever\u00e1 empolgar o eleitorado. J\u00e1 o ex-deputado Heraldo Rocha, foi um senhor parlamentar e representou muito bem Itapetinga, durante os seus mandatos, sendo um dos respons\u00e1veis pela vinda da Azal\u00e9ia para a regi\u00e3o. Heraldo \u00e9 um batalhador e merece um olhar diferenciado dos eleitores de Itapetinga.<\/p>\n<p>Correndo no mesmo campo de Heraldo Rocha, destaca-se o deputado estadual Sandro R\u00e9gis (DEM), cuja vota\u00e7\u00e3o vem crescendo no munic\u00edpio a cada elei\u00e7\u00e3o, e que conta com o apoio de Arnaldo Teixeira, Jos\u00e9 Elias Ribeiro, Fabiano Bahia, Naara Duarte e muitos outros, que costumam trabalhar com muita compet\u00eancia em todas as elei\u00e7\u00f5es, dando aos candidatos que apoiam, vota\u00e7\u00f5es expressivas. Sandro dever\u00e1 obter a maior vota\u00e7\u00e3o para deputado estadual, entre os democratas e coligados. Uma &#8216;casadinha&#8217; entre as candidaturas de Sandro e Ant\u00f4nio Brito refor\u00e7ar\u00e1 o democrata.<\/p>\n<p>CANDIDATOS DO PCdoB<\/p>\n<p>Por fim, restam as candidaturas do PCdoB, que nestas elei\u00e7\u00f5es apresentam duas novidades: Davidson Magalh\u00e3es, de Itabuna, para deputado federal e Fabr\u00edcio Falc\u00e3o, para deputado estadual. Davidson vem de uma gest\u00e3o destacada junto \u00e0 Bahiag\u00e1s, que passou de uma empresa inexpressiva na estrutura do governo do estado, para uma estatal importante, eficiente e lucrativa, sob a sua presid\u00eancia. Fabr\u00edcio Falc\u00e3o \u00e9 deputado de destaque por Vit\u00f3ria da Conquista e tamb\u00e9m dever\u00e1 obter uma boa vota\u00e7\u00e3o em Itapetinga. Os comunistas locais, liderados por Gilson de Jesus, Renan Coelho, Jerry e Z\u00e9 Ferreira prometem dar trabalho, com o refor\u00e7o do vereador Alfredo Cabral (PSD), que tamb\u00e9m fechou apoio ao candidato Davidson Magalh\u00e3es, em dobradinha com \u00c2ngela Souza (PSD).<\/p>\n<p>VOTOS PULVERIZADOS<\/p>\n<p>Fora estes, uma verdadeira legi\u00e3o de candidatos desconhecidos e apoiados por lideran\u00e7as menos expressivas, pastores evang\u00e9licos e policiais, prometem pousar por estas bandas, para pulverizar ainda mais os votos dos itapetinguenses.<\/p>\n","protected":false},"excerpt":{"rendered":"<p>Por Davi Ferraz Depois de assentada a poeira do intenso movimento pol\u00edtico que marcou a 44\u00aa Exposi\u00e7\u00e3o Agropecu\u00e1ria de Itapetinga, que contou com as presen\u00e7as dos dois maiores grupos que disputam o governo da Bahia, senado, c\u00e2mara e assembl\u00e9ia, todas as candidaturas que contar\u00e3o com o apoio dos l\u00edderes e partidos locais est\u00e3o postas e [&hellip;]<\/p>\n","protected":false},"author":2,"featured_media":0,"comment_status":"open","ping_status":"open","sticky":false,"template":"","format":"standard","meta":{"footnotes":"","_links_to":"","_links_to_target":""},"categories":[1],"tags":[],"class_list":["post-37375","post","type-post","status-publish","format-standard","hentry","category-geral"],"views":1465,"_links":{"self":[{"href":"https:\/\/www.sudoestehoje.com.br\/novoportal\/wp-json\/wp\/v2\/posts\/37375","targetHints":{"allow":["GET"]}}],"collection":[{"href":"https:\/\/www.sudoestehoje.com.br\/novoportal\/wp-json\/wp\/v2\/posts"}],"about":[{"href":"https:\/\/www.sudoestehoje.com.br\/novoportal\/wp-json\/wp\/v2\/types\/post"}],"author":[{"embeddable":true,"href":"https:\/\/www.sudoestehoje.com.br\/novoportal\/wp-json\/wp\/v2\/users\/2"}],"replies":[{"embeddable":true,"href":"https:\/\/www.sudoestehoje.com.br\/novoportal\/wp-json\/wp\/v2\/comments?post=37375"}],"version-history":[{"count":15,"href":"https:\/\/www.sudoestehoje.com.br\/novoportal\/wp-json\/wp\/v2\/posts\/37375\/revisions"}],"predecessor-version":[{"id":37416,"href":"https:\/\/www.sudoestehoje.com.br\/novoportal\/wp-json\/wp\/v2\/posts\/37375\/revisions\/37416"}],"wp:attachment":[{"href":"https:\/\/www.sudoestehoje.com.br\/novoportal\/wp-json\/wp\/v2\/media?parent=37375"}],"wp:term":[{"taxonomy":"category","embeddable":true,"href":"https:\/\/www.sudoestehoje.com.br\/novoportal\/wp-json\/wp\/v2\/categories?post=37375"},{"taxonomy":"post_tag","embeddable":true,"href":"https:\/\/www.sudoestehoje.com.br\/novoportal\/wp-json\/wp\/v2\/tags?post=37375"}],"curies":[{"name":"wp","href":"https:\/\/api.w.org\/{rel}","templated":true}]}}