
{"id":3735,"date":"2011-03-05T19:32:02","date_gmt":"2011-03-05T22:32:02","guid":{"rendered":"http:\/\/www.sudoestehoje.com.br\/novoportal\/?p=3735"},"modified":"2011-03-05T20:06:07","modified_gmt":"2011-03-05T23:06:07","slug":"governo-prepara-medidas-economicas-fortes-para-depois-do-carnaval","status":"publish","type":"post","link":"https:\/\/www.sudoestehoje.com.br\/novoportal\/2011\/03\/05\/governo-prepara-medidas-economicas-fortes-para-depois-do-carnaval\/","title":{"rendered":"GOVERNO PREPARA MEDIDAS ECON\u00d4MICAS &#8220;FORTES&#8221; PARA DEPOIS DO CARNAVAL"},"content":{"rendered":"<p style=\"text-align: center;\"><img decoding=\"async\" src=\"http:\/\/josiasdesouza.folha.blog.uol.com.br\/images\/HumbertoDragao.jpg\" alt=\"\" \/><\/p>\n<p style=\"text-align: center;\"><em><strong>Dilma tenta conter o drag\u00e3o da infla\u00e7\u00e3o\u00a0<\/strong><\/em><\/p>\n<p>\u00a0<\/p>\n<p>Preocupado com a nova rodada de valoriza\u00e7\u00e3o do real, que atingiu nesta sexta-feira (4)\u00a0o maior valor desde agosto de 2008, o Governo estaria no preparo de novas medidas na \u00e1rea cambial, conforme uma fonte do Minist\u00e9rio da Fazenda ao Jornal O Estado de S\u00e3o Paulo. O ministro Guido Mantega e o presidente do Banco Central, Alexandre Tombini, teriam discutido o assunto nos \u00faltimos dias e novas iniciativas j\u00e1 est\u00e3o praticamente prontas.\u00a0Haveria grande chance das mudan\u00e7as sa\u00edrem logo depois do carnaval. \u201cSer\u00e1 uma medida forte\u201d, disse.<\/p>\n","protected":false},"excerpt":{"rendered":"<p>Dilma tenta conter o drag\u00e3o da infla\u00e7\u00e3o\u00a0 \u00a0 Preocupado com a nova rodada de valoriza\u00e7\u00e3o do real, que atingiu nesta sexta-feira (4)\u00a0o maior valor desde agosto de 2008, o Governo estaria no preparo de novas medidas na \u00e1rea cambial, conforme uma fonte do Minist\u00e9rio da Fazenda ao Jornal O Estado de S\u00e3o Paulo. O ministro [&hellip;]<\/p>\n","protected":false},"author":2,"featured_media":0,"comment_status":"open","ping_status":"open","sticky":false,"template":"","format":"standard","meta":{"footnotes":"","_links_to":"","_links_to_target":""},"categories":[1],"tags":[],"class_list":["post-3735","post","type-post","status-publish","format-standard","hentry","category-geral"],"views":1392,"_links":{"self":[{"href":"https:\/\/www.sudoestehoje.com.br\/novoportal\/wp-json\/wp\/v2\/posts\/3735","targetHints":{"allow":["GET"]}}],"collection":[{"href":"https:\/\/www.sudoestehoje.com.br\/novoportal\/wp-json\/wp\/v2\/posts"}],"about":[{"href":"https:\/\/www.sudoestehoje.com.br\/novoportal\/wp-json\/wp\/v2\/types\/post"}],"author":[{"embeddable":true,"href":"https:\/\/www.sudoestehoje.com.br\/novoportal\/wp-json\/wp\/v2\/users\/2"}],"replies":[{"embeddable":true,"href":"https:\/\/www.sudoestehoje.com.br\/novoportal\/wp-json\/wp\/v2\/comments?post=3735"}],"version-history":[{"count":4,"href":"https:\/\/www.sudoestehoje.com.br\/novoportal\/wp-json\/wp\/v2\/posts\/3735\/revisions"}],"predecessor-version":[{"id":3738,"href":"https:\/\/www.sudoestehoje.com.br\/novoportal\/wp-json\/wp\/v2\/posts\/3735\/revisions\/3738"}],"wp:attachment":[{"href":"https:\/\/www.sudoestehoje.com.br\/novoportal\/wp-json\/wp\/v2\/media?parent=3735"}],"wp:term":[{"taxonomy":"category","embeddable":true,"href":"https:\/\/www.sudoestehoje.com.br\/novoportal\/wp-json\/wp\/v2\/categories?post=3735"},{"taxonomy":"post_tag","embeddable":true,"href":"https:\/\/www.sudoestehoje.com.br\/novoportal\/wp-json\/wp\/v2\/tags?post=3735"}],"curies":[{"name":"wp","href":"https:\/\/api.w.org\/{rel}","templated":true}]}}