
{"id":37347,"date":"2014-05-23T00:41:20","date_gmt":"2014-05-23T03:41:20","guid":{"rendered":"http:\/\/www.sudoestehoje.com.br\/novoportal\/?p=37347"},"modified":"2014-05-23T00:42:18","modified_gmt":"2014-05-23T03:42:18","slug":"inscricoes-do-enem-encerram-amanha","status":"publish","type":"post","link":"https:\/\/www.sudoestehoje.com.br\/novoportal\/2014\/05\/23\/inscricoes-do-enem-encerram-amanha\/","title":{"rendered":"INSCRI\u00c7\u00d5ES DO ENEM ENCERRAM HOJE"},"content":{"rendered":"<p><a href=\"http:\/\/www.sudoestehoje.com.br\/novoportal\/wp-content\/uploads\/2014\/05\/enem.jpg\"><img loading=\"lazy\" decoding=\"async\" class=\"aligncenter size-medium wp-image-37348\" alt=\"enem\" src=\"http:\/\/www.sudoestehoje.com.br\/novoportal\/wp-content\/uploads\/2014\/05\/enem-500x269.jpg\" width=\"500\" height=\"269\" srcset=\"https:\/\/www.sudoestehoje.com.br\/novoportal\/wp-content\/uploads\/2014\/05\/enem-500x269.jpg 500w, https:\/\/www.sudoestehoje.com.br\/novoportal\/wp-content\/uploads\/2014\/05\/enem.jpg 620w\" sizes=\"auto, (max-width: 500px) 100vw, 500px\" \/><\/a><\/p>\n<p>O prazo de inscri\u00e7\u00e3o no Exame Nacional do Ensino M\u00e9dio (Enem) de 2014 termina \u00e0s 23h59min desta sexta-feira (23). At\u00e9 ontem \u00e0 noite, 6.221.875 candidatos j\u00e1 estavam inscritos para o exame. Neste ano, as provas ser\u00e3o aplicadas nos dias\u00a08 e 9 de novembro.<\/p>\n<p>Estudantes de escolas p\u00fablicas ou com renda familiar at\u00e9 1,5 sal\u00e1rio m\u00ednimo est\u00e3o isentos do pagamento da taxa de R$ 35,00. Para os n\u00e3o isentos, vale o lembrete de que o boleto deve ser quitado at\u00e9 dia 28.<\/p>\n<p>Inscri\u00e7\u00f5es somente pela internet, no endere\u00e7o\u00a0<strong><a href=\"http:\/\/enem.inep.gov.br\/\" target=\"_blank\">http:\/\/enem.inep.gov.br\/<\/a><\/strong>.<\/p>\n","protected":false},"excerpt":{"rendered":"<p>O prazo de inscri\u00e7\u00e3o no Exame Nacional do Ensino M\u00e9dio (Enem) de 2014 termina \u00e0s 23h59min desta sexta-feira (23). At\u00e9 ontem \u00e0 noite, 6.221.875 candidatos j\u00e1 estavam inscritos para o exame. Neste ano, as provas ser\u00e3o aplicadas nos dias\u00a08 e 9 de novembro. Estudantes de escolas p\u00fablicas ou com renda familiar at\u00e9 1,5 sal\u00e1rio m\u00ednimo [&hellip;]<\/p>\n","protected":false},"author":2,"featured_media":0,"comment_status":"open","ping_status":"open","sticky":false,"template":"","format":"standard","meta":{"footnotes":"","_links_to":"","_links_to_target":""},"categories":[1],"tags":[],"class_list":["post-37347","post","type-post","status-publish","format-standard","hentry","category-geral"],"views":1227,"_links":{"self":[{"href":"https:\/\/www.sudoestehoje.com.br\/novoportal\/wp-json\/wp\/v2\/posts\/37347","targetHints":{"allow":["GET"]}}],"collection":[{"href":"https:\/\/www.sudoestehoje.com.br\/novoportal\/wp-json\/wp\/v2\/posts"}],"about":[{"href":"https:\/\/www.sudoestehoje.com.br\/novoportal\/wp-json\/wp\/v2\/types\/post"}],"author":[{"embeddable":true,"href":"https:\/\/www.sudoestehoje.com.br\/novoportal\/wp-json\/wp\/v2\/users\/2"}],"replies":[{"embeddable":true,"href":"https:\/\/www.sudoestehoje.com.br\/novoportal\/wp-json\/wp\/v2\/comments?post=37347"}],"version-history":[{"count":4,"href":"https:\/\/www.sudoestehoje.com.br\/novoportal\/wp-json\/wp\/v2\/posts\/37347\/revisions"}],"predecessor-version":[{"id":37367,"href":"https:\/\/www.sudoestehoje.com.br\/novoportal\/wp-json\/wp\/v2\/posts\/37347\/revisions\/37367"}],"wp:attachment":[{"href":"https:\/\/www.sudoestehoje.com.br\/novoportal\/wp-json\/wp\/v2\/media?parent=37347"}],"wp:term":[{"taxonomy":"category","embeddable":true,"href":"https:\/\/www.sudoestehoje.com.br\/novoportal\/wp-json\/wp\/v2\/categories?post=37347"},{"taxonomy":"post_tag","embeddable":true,"href":"https:\/\/www.sudoestehoje.com.br\/novoportal\/wp-json\/wp\/v2\/tags?post=37347"}],"curies":[{"name":"wp","href":"https:\/\/api.w.org\/{rel}","templated":true}]}}