
{"id":37345,"date":"2014-05-22T13:59:41","date_gmt":"2014-05-22T16:59:41","guid":{"rendered":"http:\/\/www.sudoestehoje.com.br\/novoportal\/?p=37345"},"modified":"2014-05-22T13:59:41","modified_gmt":"2014-05-22T16:59:41","slug":"dilma-aparece-com-40-no-ibope-aecio-com-20-e-campos-com-11","status":"publish","type":"post","link":"https:\/\/www.sudoestehoje.com.br\/novoportal\/2014\/05\/22\/dilma-aparece-com-40-no-ibope-aecio-com-20-e-campos-com-11\/","title":{"rendered":"DILMA APARECE COM 40% NO IBOPE, A\u00c9CIO COM 20% E CAMPOS COM 11%"},"content":{"rendered":"<p><img decoding=\"async\" class=\"aligncenter\" alt=\"\" src=\"http:\/\/www.pragmatismopolitico.com.br\/wp-content\/uploads\/2014\/04\/xdatafolha.jpg.pagespeed.ic.Orx_LdZYbL.jpg\" width=\"500\" \/><\/p>\n<p>A presidente Dilma Rousseff (PT) tem 40% das inten\u00e7\u00f5es de voto, segundo pesquisa eleitoral do Ibope divulgada nesta quinta-feira (22). Com 20%, o senador A\u00e9cio Neves (PSDB) aparece em segundo lugar. Em terceiro, com 11%, est\u00e1 Eduardo Campos (PSB), enquanto o Pastor Everaldo (PSC) tem 3%.\u00a0Nos dois levantamentos anteriores do instituto, a petista tinha 40% em mar\u00e7o e 37% em abril; o tucano apresentou 13% em mar\u00e7o e 14% em abril; Campos, 6% em mar\u00e7o e em abril; e Pastor Everaldo, 3% em mar\u00e7o e 2% em abril.<\/p>\n<p>Na pesquisa divulgada nesta quinta, os nove pr\u00e9-candidatos a presidente da Rep\u00fablica \u2013 \u00e0 exce\u00e7\u00e3o de Dilma \u2013 somam 36% das inten\u00e7\u00f5es de voto. Com 1%, aparecem Eduardo Jorge (PV) e Jos\u00e9 Maria (PSTU). Eymael (PSDC), Levy Fidelix (PRTB), Mauro Iasi (PCB) e Randolfe Rodrigues (PSOL) n\u00e3o pontuaram. Brancos e nulos s\u00e3o 14%, enquanto 10% dos entrevistados n\u00e3o sabem em que votar\u00e3o ou n\u00e3o responderam.<\/p>\n<p>Foram ouvidos 2.002 eleitores em 140 munic\u00edpios, entre os \u00faltimos dias 15 e 19 de maio. A margem de erro do levantamento \u00e9 de dois pontos porcentuais para mais ou para menos.<\/p>\n","protected":false},"excerpt":{"rendered":"<p>A presidente Dilma Rousseff (PT) tem 40% das inten\u00e7\u00f5es de voto, segundo pesquisa eleitoral do Ibope divulgada nesta quinta-feira (22). Com 20%, o senador A\u00e9cio Neves (PSDB) aparece em segundo lugar. Em terceiro, com 11%, est\u00e1 Eduardo Campos (PSB), enquanto o Pastor Everaldo (PSC) tem 3%.\u00a0Nos dois levantamentos anteriores do instituto, a petista tinha 40% [&hellip;]<\/p>\n","protected":false},"author":2,"featured_media":0,"comment_status":"open","ping_status":"open","sticky":false,"template":"","format":"standard","meta":{"footnotes":"","_links_to":"","_links_to_target":""},"categories":[1],"tags":[],"class_list":["post-37345","post","type-post","status-publish","format-standard","hentry","category-geral"],"views":1220,"_links":{"self":[{"href":"https:\/\/www.sudoestehoje.com.br\/novoportal\/wp-json\/wp\/v2\/posts\/37345","targetHints":{"allow":["GET"]}}],"collection":[{"href":"https:\/\/www.sudoestehoje.com.br\/novoportal\/wp-json\/wp\/v2\/posts"}],"about":[{"href":"https:\/\/www.sudoestehoje.com.br\/novoportal\/wp-json\/wp\/v2\/types\/post"}],"author":[{"embeddable":true,"href":"https:\/\/www.sudoestehoje.com.br\/novoportal\/wp-json\/wp\/v2\/users\/2"}],"replies":[{"embeddable":true,"href":"https:\/\/www.sudoestehoje.com.br\/novoportal\/wp-json\/wp\/v2\/comments?post=37345"}],"version-history":[{"count":1,"href":"https:\/\/www.sudoestehoje.com.br\/novoportal\/wp-json\/wp\/v2\/posts\/37345\/revisions"}],"predecessor-version":[{"id":37346,"href":"https:\/\/www.sudoestehoje.com.br\/novoportal\/wp-json\/wp\/v2\/posts\/37345\/revisions\/37346"}],"wp:attachment":[{"href":"https:\/\/www.sudoestehoje.com.br\/novoportal\/wp-json\/wp\/v2\/media?parent=37345"}],"wp:term":[{"taxonomy":"category","embeddable":true,"href":"https:\/\/www.sudoestehoje.com.br\/novoportal\/wp-json\/wp\/v2\/categories?post=37345"},{"taxonomy":"post_tag","embeddable":true,"href":"https:\/\/www.sudoestehoje.com.br\/novoportal\/wp-json\/wp\/v2\/tags?post=37345"}],"curies":[{"name":"wp","href":"https:\/\/api.w.org\/{rel}","templated":true}]}}