
{"id":37327,"date":"2014-05-21T17:14:14","date_gmt":"2014-05-21T20:14:14","guid":{"rendered":"http:\/\/www.sudoestehoje.com.br\/novoportal\/?p=37327"},"modified":"2014-05-21T17:17:05","modified_gmt":"2014-05-21T20:17:05","slug":"michel-hagge-fala-sobre-saida-de-katia-e-apoio-a-herzem-gusmao","status":"publish","type":"post","link":"https:\/\/www.sudoestehoje.com.br\/novoportal\/2014\/05\/21\/michel-hagge-fala-sobre-saida-de-katia-e-apoio-a-herzem-gusmao\/","title":{"rendered":"MICHEL HAGGE FALA SOBRE SA\u00cdDA DE K\u00c1TIA E APOIO A HERZEM GUSM\u00c3O"},"content":{"rendered":"<div id=\"attachment_37328\" style=\"width: 510px\" class=\"wp-caption aligncenter\"><a href=\"http:\/\/www.sudoestehoje.com.br\/novoportal\/wp-content\/uploads\/2014\/05\/GEDC06441.jpg\"><img loading=\"lazy\" decoding=\"async\" aria-describedby=\"caption-attachment-37328\" class=\"size-medium wp-image-37328\" alt=\"Foto Sudoeste Hoje\" src=\"http:\/\/www.sudoestehoje.com.br\/novoportal\/wp-content\/uploads\/2014\/05\/GEDC06441-500x375.jpg\" width=\"500\" height=\"375\" srcset=\"https:\/\/www.sudoestehoje.com.br\/novoportal\/wp-content\/uploads\/2014\/05\/GEDC06441-500x375.jpg 500w, https:\/\/www.sudoestehoje.com.br\/novoportal\/wp-content\/uploads\/2014\/05\/GEDC06441.jpg 640w\" sizes=\"auto, (max-width: 500px) 100vw, 500px\" \/><\/a><p id=\"caption-attachment-37328\" class=\"wp-caption-text\">Foto Sudoeste Hoje<\/p><\/div>\n<p>Em entrevista ao Blog do Rodrigo, o ex-prefeito de Itapetinga e ex-deputado estadual, Michel Hagge, comentou pela primeira vez sobre a pol\u00eamica sa\u00edda de um dos principais nomes do PMDB na capital da pecu\u00e1ria e ex-vice prefeita da sua \u00faltima gest\u00e3o no executivo municipal, K\u00e1tia Espinheira.<\/p>\n<p>Hagge revelou que \u2018j\u00e1 sabia\u2019 da sa\u00edda de K\u00e1tia bem antes dela anunciar a sua desfilia\u00e7\u00e3o. \u201cNa verdade ela havia comentado comigo sobre a prefer\u00eancia em apoiar deputados de outros partidos. Ela percebeu que a situa\u00e7\u00e3o ia ficar complicada e achou melhor deixar o PMDB. Foi uma sa\u00edda tranquila\u201d, disse o pol\u00edtico.<\/p>\n<p>Ainda na entrevista, o ex-prefeito de Itapetinga comentou sobre os seus apoios para as elei\u00e7\u00f5es de 2014. \u201cOlha s\u00f3, para a C\u00e2mara Federal estaremos mais uma vez com L\u00facio Vieira Lima, um grande amigo e parceiro de Itapetinga. J\u00e1 para a Assembleia Legislativa j\u00e1 estou apoiando a pr\u00e9-candidatura do meu correligion\u00e1rio Herzem Gusm\u00e3o, que \u00e9 de Vit\u00f3ria da Conquista e tenho certeza que \u00e9 um dos grandes nomes do partido para as elei\u00e7\u00f5es de 2014. Conversamos muito e posso afirmar que meu grupo pol\u00edtico est\u00e1 engajado nessa caminhada de Herzem\u201d, disse Hagge.<\/p>\n","protected":false},"excerpt":{"rendered":"<p>Em entrevista ao Blog do Rodrigo, o ex-prefeito de Itapetinga e ex-deputado estadual, Michel Hagge, comentou pela primeira vez sobre a pol\u00eamica sa\u00edda de um dos principais nomes do PMDB na capital da pecu\u00e1ria e ex-vice prefeita da sua \u00faltima gest\u00e3o no executivo municipal, K\u00e1tia Espinheira. Hagge revelou que \u2018j\u00e1 sabia\u2019 da sa\u00edda de K\u00e1tia [&hellip;]<\/p>\n","protected":false},"author":2,"featured_media":0,"comment_status":"open","ping_status":"open","sticky":false,"template":"","format":"standard","meta":{"footnotes":"","_links_to":"","_links_to_target":""},"categories":[1],"tags":[],"class_list":["post-37327","post","type-post","status-publish","format-standard","hentry","category-geral"],"views":1287,"_links":{"self":[{"href":"https:\/\/www.sudoestehoje.com.br\/novoportal\/wp-json\/wp\/v2\/posts\/37327","targetHints":{"allow":["GET"]}}],"collection":[{"href":"https:\/\/www.sudoestehoje.com.br\/novoportal\/wp-json\/wp\/v2\/posts"}],"about":[{"href":"https:\/\/www.sudoestehoje.com.br\/novoportal\/wp-json\/wp\/v2\/types\/post"}],"author":[{"embeddable":true,"href":"https:\/\/www.sudoestehoje.com.br\/novoportal\/wp-json\/wp\/v2\/users\/2"}],"replies":[{"embeddable":true,"href":"https:\/\/www.sudoestehoje.com.br\/novoportal\/wp-json\/wp\/v2\/comments?post=37327"}],"version-history":[{"count":2,"href":"https:\/\/www.sudoestehoje.com.br\/novoportal\/wp-json\/wp\/v2\/posts\/37327\/revisions"}],"predecessor-version":[{"id":37330,"href":"https:\/\/www.sudoestehoje.com.br\/novoportal\/wp-json\/wp\/v2\/posts\/37327\/revisions\/37330"}],"wp:attachment":[{"href":"https:\/\/www.sudoestehoje.com.br\/novoportal\/wp-json\/wp\/v2\/media?parent=37327"}],"wp:term":[{"taxonomy":"category","embeddable":true,"href":"https:\/\/www.sudoestehoje.com.br\/novoportal\/wp-json\/wp\/v2\/categories?post=37327"},{"taxonomy":"post_tag","embeddable":true,"href":"https:\/\/www.sudoestehoje.com.br\/novoportal\/wp-json\/wp\/v2\/tags?post=37327"}],"curies":[{"name":"wp","href":"https:\/\/api.w.org\/{rel}","templated":true}]}}